{"id":26444,"date":"2021-01-29T03:31:29","date_gmt":"2021-01-29T03:31:29","guid":{"rendered":"http:\/\/www.lanuevaopcion.cl\/?p=26444"},"modified":"2021-01-29T03:31:29","modified_gmt":"2021-01-29T03:31:29","slug":"paula-narvaez-es-proclamada-como-candidata-presidencial-por-el-partido-socialista","status":"publish","type":"post","link":"http:\/\/www.lanuevaopcion.cl\/?p=26444","title":{"rendered":"Paula Narv\u00e1ez es proclamada como candidata presidencial por el Partido Socialista"},"content":{"rendered":"<p><img loading=\"lazy\" decoding=\"async\"  alt=\"\" src=\"https:\/\/www.lacuarta.com\/wp-content\/uploads\/2021\/01\/Nuevo-proyecto-15-390x293.jpg\" class=\"alignleft\" width=\"390\" height=\"293\" \/ class=\"alignleft\" style=\"margin-right:15px;margin-bottom:10px;float:left;\" ><br \/>\nEste jueves, el comit\u00e9 central del Partido Socialista (PS) proclam\u00f3 de manera un\u00e1nime la candidatura de Paula Narv\u00e1ez para las elecciones presidenciales del 2021.<\/p>\n<p>\u201cRindo homenaje a quienes resistieron en el per\u00edodo m\u00e1s oscuro de nuestra historia, para que hoy nosotros abramos esas anchas alamedas porque con ellos y ellas estamos hoy aqu\u00ed\u201d, vocifer\u00f3 la candidata socialista<br \/>\n<!--more--><br \/>\n\u201cQueremos reposicionar a Chile ante los ojos del mundo, el coronavirus puso a prueba a todos los gobiernos que ha terminado por confirmar que la \u00fanica forma de proteger al ser humano en los momentos de crisis es con una mirada progresista\u201d, sum\u00f3.<\/p>\n<p>https:\/\/www.lacuarta.com\/cronica\/noticia\/narvaez-candidata-presidencial\/594943\/<br \/>\nFUENTE. LA CUARTA.COM<br \/>\nMEDIO DE DIFUSI\u00d3N , SIN FIN DE LUCRO ALGUNO <\/p>\n","protected":false},"excerpt":{"rendered":"<p>Este jueves, el comit\u00e9 central del Partido Socialista (PS) proclam\u00f3 de manera un\u00e1nime la candidatura de Paula Narv\u00e1ez para las elecciones presidenciales del 2021. \u201cRindo homenaje a quienes resistieron en el per\u00edodo m\u00e1s oscuro de nuestra historia, para que hoy nosotros abramos esas anchas alamedas porque con ellos y ellas estamos hoy aqu\u00ed\u201d, vocifer\u00f3 la [&hellip;]<\/p>\n","protected":false},"author":51,"featured_media":0,"comment_status":"open","ping_status":"open","sticky":false,"template":"","format":"standard","meta":{"footnotes":""},"categories":[8,4,9,16,30,31,11],"tags":[680,681],"class_list":["post-26444","post","type-post","status-publish","format-standard","hentry","category-cultura","category-economia","category-educacion","category-nacional","category-policial","category-salud","category-tendencias","tag-paula-narvaez","tag-presidenciales"],"_links":{"self":[{"href":"http:\/\/www.lanuevaopcion.cl\/index.php?rest_route=\/wp\/v2\/posts\/26444","targetHints":{"allow":["GET"]}}],"collection":[{"href":"http:\/\/www.lanuevaopcion.cl\/index.php?rest_route=\/wp\/v2\/posts"}],"about":[{"href":"http:\/\/www.lanuevaopcion.cl\/index.php?rest_route=\/wp\/v2\/types\/post"}],"author":[{"embeddable":true,"href":"http:\/\/www.lanuevaopcion.cl\/index.php?rest_route=\/wp\/v2\/users\/51"}],"replies":[{"embeddable":true,"href":"http:\/\/www.lanuevaopcion.cl\/index.php?rest_route=%2Fwp%2Fv2%2Fcomments&post=26444"}],"version-history":[{"count":1,"href":"http:\/\/www.lanuevaopcion.cl\/index.php?rest_route=\/wp\/v2\/posts\/26444\/revisions"}],"predecessor-version":[{"id":26445,"href":"http:\/\/www.lanuevaopcion.cl\/index.php?rest_route=\/wp\/v2\/posts\/26444\/revisions\/26445"}],"wp:attachment":[{"href":"http:\/\/www.lanuevaopcion.cl\/index.php?rest_route=%2Fwp%2Fv2%2Fmedia&parent=26444"}],"wp:term":[{"taxonomy":"category","embeddable":true,"href":"http:\/\/www.lanuevaopcion.cl\/index.php?rest_route=%2Fwp%2Fv2%2Fcategories&post=26444"},{"taxonomy":"post_tag","embeddable":true,"href":"http:\/\/www.lanuevaopcion.cl\/index.php?rest_route=%2Fwp%2Fv2%2Ftags&post=26444"}],"curies":[{"name":"wp","href":"https:\/\/api.w.org\/{rel}","templated":true}]}}