{"id":26440,"date":"2021-01-27T11:41:11","date_gmt":"2021-01-27T11:41:11","guid":{"rendered":"http:\/\/www.lanuevaopcion.cl\/?p=26440"},"modified":"2021-01-27T11:41:11","modified_gmt":"2021-01-27T11:41:11","slug":"mortal-disparo-joven-habria-asesinado-a-su-padrastro-en-renca","status":"publish","type":"post","link":"http:\/\/www.lanuevaopcion.cl\/?p=26440","title":{"rendered":"Mortal disparo: Joven habr\u00eda asesinado a su padrastro en Renca"},"content":{"rendered":"<p><img loading=\"lazy\" decoding=\"async\"  alt=\"\" src=\"https:\/\/www.lacuarta.com\/wp-content\/uploads\/2021\/01\/carabineros-7668669-390x293.jpg\" class=\"alignleft\" width=\"390\" height=\"293\" \/ class=\"alignleft\" style=\"margin-right:15px;margin-bottom:10px;float:left;\" ><br \/>\nEn plena investigaci\u00f3n se encuentra la muerte de un hombre de 39 a\u00f1os que fue herido a bala en medio de una presunta discusi\u00f3n familiar en la comuna de Renca. Producto de la herida a bala en su pecho, el sujeto falleci\u00f3.<\/p>\n<p>Seg\u00fan informaci\u00f3n de Carabineros, el hecho se produjo luego de un \u00abconflicto, al parecer familiar\u00bb.<\/p>\n<p>De acuerdo a los primeros antecedentes, el hijastro de la v\u00edctima, de 19 a\u00f1os, ser\u00eda el autor del homicidio. Por el momento, el joven se mantiene pr\u00f3fugo.<br \/>\n<!--more--><br \/>\nEl teniente y oficial de ronda de la Prefectura Santiago Occidente, Fernando Vivar Urtubia, detall\u00f3 que \u00abpersonal de Carabineros de servicio del Hospital F\u00e9lix Bulnes inform\u00f3 el ingreso de un hombre adulto, de 39 a\u00f1os aproximadamente, el que presentaba una herida bal\u00edstica en la parte superior de su cuerpo, el que lamentablemente -debido a la gravedad de la lesi\u00f3n- fallece en dicho nosocomio\u00bb.<\/p>\n<p>Con la finalidad de esclarecer lo sucedido y determinar responsabilidades, la Fiscal\u00eda Centro Norte instruy\u00f3 que un equipo especializado del OS-9 realice la investigaci\u00f3n.<br \/>\nhttps:\/\/www.lacuarta.com\/cronica\/noticia\/joven-asesinado-padrastro-renca\/594091\/<br \/>\nFUENTE. LA CUARTA.COM<br \/>\nMEDIO DE DIFUSI\u00d3N, SIN FIN DE LUCRO ALGUNO  <\/p>\n","protected":false},"excerpt":{"rendered":"<p>En plena investigaci\u00f3n se encuentra la muerte de un hombre de 39 a\u00f1os que fue herido a bala en medio de una presunta discusi\u00f3n familiar en la comuna de Renca. Producto de la herida a bala en su pecho, el sujeto falleci\u00f3. Seg\u00fan informaci\u00f3n de Carabineros, el hecho se produjo luego de un \u00abconflicto, al [&hellip;]<\/p>\n","protected":false},"author":51,"featured_media":0,"comment_status":"open","ping_status":"open","sticky":false,"template":"","format":"standard","meta":{"footnotes":""},"categories":[8,16,30,31,11],"tags":[1637],"class_list":["post-26440","post","type-post","status-publish","format-standard","hentry","category-cultura","category-nacional","category-policial","category-salud","category-tendencias","tag-policial"],"_links":{"self":[{"href":"http:\/\/www.lanuevaopcion.cl\/index.php?rest_route=\/wp\/v2\/posts\/26440","targetHints":{"allow":["GET"]}}],"collection":[{"href":"http:\/\/www.lanuevaopcion.cl\/index.php?rest_route=\/wp\/v2\/posts"}],"about":[{"href":"http:\/\/www.lanuevaopcion.cl\/index.php?rest_route=\/wp\/v2\/types\/post"}],"author":[{"embeddable":true,"href":"http:\/\/www.lanuevaopcion.cl\/index.php?rest_route=\/wp\/v2\/users\/51"}],"replies":[{"embeddable":true,"href":"http:\/\/www.lanuevaopcion.cl\/index.php?rest_route=%2Fwp%2Fv2%2Fcomments&post=26440"}],"version-history":[{"count":1,"href":"http:\/\/www.lanuevaopcion.cl\/index.php?rest_route=\/wp\/v2\/posts\/26440\/revisions"}],"predecessor-version":[{"id":26441,"href":"http:\/\/www.lanuevaopcion.cl\/index.php?rest_route=\/wp\/v2\/posts\/26440\/revisions\/26441"}],"wp:attachment":[{"href":"http:\/\/www.lanuevaopcion.cl\/index.php?rest_route=%2Fwp%2Fv2%2Fmedia&parent=26440"}],"wp:term":[{"taxonomy":"category","embeddable":true,"href":"http:\/\/www.lanuevaopcion.cl\/index.php?rest_route=%2Fwp%2Fv2%2Fcategories&post=26440"},{"taxonomy":"post_tag","embeddable":true,"href":"http:\/\/www.lanuevaopcion.cl\/index.php?rest_route=%2Fwp%2Fv2%2Ftags&post=26440"}],"curies":[{"name":"wp","href":"https:\/\/api.w.org\/{rel}","templated":true}]}}