{"id":26438,"date":"2021-01-26T12:46:49","date_gmt":"2021-01-26T12:46:49","guid":{"rendered":"http:\/\/www.lanuevaopcion.cl\/?p=26438"},"modified":"2021-01-26T12:46:49","modified_gmt":"2021-01-26T12:46:49","slug":"adulto-mayor-baleo-y-dio-muerte-a-asaltante-que-ingreso-a-su-casa-en-macul","status":"publish","type":"post","link":"http:\/\/www.lanuevaopcion.cl\/?p=26438","title":{"rendered":"Adulto mayor bale\u00f3 y dio muerte a asaltante que ingres\u00f3 a su casa en Macul"},"content":{"rendered":"<p><img loading=\"lazy\" decoding=\"async\"  alt=\"\" src=\"https:\/\/www.lacuarta.com\/wp-content\/uploads\/2020\/07\/SIAT-de-carabineros-tr-7204841-390x293.jpg\" class=\"alignleft\" width=\"390\" height=\"293\" \/ class=\"alignleft\" style=\"margin-right:15px;margin-bottom:10px;float:left;\" ><br \/>\nLuego de sorprender a un delincuente al interior de su domicilio, un hombre de 80 a\u00f1os le dispar\u00f3 y dio muerte en la comuna de Macul.<\/p>\n<p>Seg\u00fan informaci\u00f3n policial, el hecho ocurri\u00f3 anoche, en el pasaje El L\u00edbano. Hasta el lugar llegaron cuatro sujetos a bordo de un veh\u00edculo con vidrios polarizados, quienes pretend\u00edan robar uno de los automoviles de alta gama que se encontraban en la propiedad.<br \/>\n<!--more--><br \/>\nLa capit\u00e1n y oficial de ronda de la Prefectura Santiago Oriente de Carabineros, Paulina Ardiles, detall\u00f3 que uno de los antisociales ingres\u00f3 al living de la casa. En este lugar fue \u00abdonde se enfrenta al due\u00f1o de casa, lo apunta con un elemento contundente, el due\u00f1o de casa saca su armamento -debidamente inscrito- y le efect\u00faa un disparo al interior del domicilio provoc\u00e1ndole la muerte en el lugar\u00bb.<\/p>\n<p>\u00abEl fiscal no ha determinado la calidad de la persona en este minuto, ni tampoco la tipificaci\u00f3n\u00bb, a\u00f1adi\u00f3 la uniformada, en relaci\u00f3n al propietario.<\/p>\n<p>Adem\u00e1s, se confirm\u00f3 que fue el propio due\u00f1o de casa quien se comunic\u00f3 con Carabineros para dar cuenta de los hechos. De igual manera, se investigan los detalles de la situaci\u00f3n y el paradero del resto de la banda.<br \/>\nhttps:\/\/www.lacuarta.com\/cronica\/noticia\/adulto-mayor-repelio-robo\/593617\/<br \/>\nFUENTE. LA CUARTA.COM<br \/>\nMEDIO DE DIFUSI\u00d3N, SIN FIN DE LUCRO ALGUNO <\/p>\n","protected":false},"excerpt":{"rendered":"<p>Luego de sorprender a un delincuente al interior de su domicilio, un hombre de 80 a\u00f1os le dispar\u00f3 y dio muerte en la comuna de Macul. Seg\u00fan informaci\u00f3n policial, el hecho ocurri\u00f3 anoche, en el pasaje El L\u00edbano. Hasta el lugar llegaron cuatro sujetos a bordo de un veh\u00edculo con vidrios polarizados, quienes pretend\u00edan robar [&hellip;]<\/p>\n","protected":false},"author":51,"featured_media":0,"comment_status":"open","ping_status":"open","sticky":false,"template":"","format":"standard","meta":{"footnotes":""},"categories":[8,4,16,30,31,11],"tags":[495],"class_list":["post-26438","post","type-post","status-publish","format-standard","hentry","category-cultura","category-economia","category-nacional","category-policial","category-salud","category-tendencias","tag-delincuentes"],"_links":{"self":[{"href":"http:\/\/www.lanuevaopcion.cl\/index.php?rest_route=\/wp\/v2\/posts\/26438","targetHints":{"allow":["GET"]}}],"collection":[{"href":"http:\/\/www.lanuevaopcion.cl\/index.php?rest_route=\/wp\/v2\/posts"}],"about":[{"href":"http:\/\/www.lanuevaopcion.cl\/index.php?rest_route=\/wp\/v2\/types\/post"}],"author":[{"embeddable":true,"href":"http:\/\/www.lanuevaopcion.cl\/index.php?rest_route=\/wp\/v2\/users\/51"}],"replies":[{"embeddable":true,"href":"http:\/\/www.lanuevaopcion.cl\/index.php?rest_route=%2Fwp%2Fv2%2Fcomments&post=26438"}],"version-history":[{"count":1,"href":"http:\/\/www.lanuevaopcion.cl\/index.php?rest_route=\/wp\/v2\/posts\/26438\/revisions"}],"predecessor-version":[{"id":26439,"href":"http:\/\/www.lanuevaopcion.cl\/index.php?rest_route=\/wp\/v2\/posts\/26438\/revisions\/26439"}],"wp:attachment":[{"href":"http:\/\/www.lanuevaopcion.cl\/index.php?rest_route=%2Fwp%2Fv2%2Fmedia&parent=26438"}],"wp:term":[{"taxonomy":"category","embeddable":true,"href":"http:\/\/www.lanuevaopcion.cl\/index.php?rest_route=%2Fwp%2Fv2%2Fcategories&post=26438"},{"taxonomy":"post_tag","embeddable":true,"href":"http:\/\/www.lanuevaopcion.cl\/index.php?rest_route=%2Fwp%2Fv2%2Ftags&post=26438"}],"curies":[{"name":"wp","href":"https:\/\/api.w.org\/{rel}","templated":true}]}}