{"id":26431,"date":"2021-01-21T05:05:15","date_gmt":"2021-01-21T05:05:15","guid":{"rendered":"http:\/\/www.lanuevaopcion.cl\/?p=26431"},"modified":"2021-01-21T05:05:15","modified_gmt":"2021-01-21T05:05:15","slug":"biden-asume-la-presidencia-de-eeuu-%c2%abla-democracia-vencio%c2%bb","status":"publish","type":"post","link":"http:\/\/www.lanuevaopcion.cl\/?p=26431","title":{"rendered":"Biden asume la presidencia de EEUU: \u00abLa democracia venci\u00f3\u00bb"},"content":{"rendered":"<p><img loading=\"lazy\" decoding=\"async\"  alt=\"\" src=\"https:\/\/www.lacuarta.com\/wp-content\/uploads\/2021\/01\/Joe-Biden-9283500-390x293.jpg\" class=\"alignleft\" width=\"390\" height=\"293\" \/ class=\"alignleft\" style=\"margin-right:15px;margin-bottom:10px;float:left;\" ><br \/>\nJoe Biden fue juramentado el mi\u00e9rcoles como el 46o presidente de Estados Unidos, tomando el tim\u00f3n de un pa\u00eds profundamente dividido y heredando una confluencia de crisis mayor que la enfrentada por ninguno de sus sucesores. En su discurso inaugural, Biden afirm\u00f3 que es deber de todo ciudadano estadounidense, pero especialmente de sus l\u00edderes democr\u00e1ticamente elegidos, \u00abdefender la verdad y derrotar la mentira\u00bb.<br \/>\n<!--more--><br \/>\n\u00abLa democracia venci\u00f3\u00bb, agreg\u00f3. La ceremonia se realiz\u00f3 en una \u00e9poca de gran turbulencia e incertidumbre nacional, en un palacio legislativo que apenas d\u00edas antes fue asaltado por una turba de extremistas pol\u00edticos. En un d\u00eda fr\u00edo de nevadas ligeras, acudieron a la ceremonia expresidentes tanto dem\u00f3cratas como republicanos, en honor a la tradici\u00f3n de una transici\u00f3n pac\u00edfica del poder, aun cuando la capital estaba siendo patrullada por miles de polic\u00edas y soldados, sus negocios clausurados debido a la pandemia del coronavirus.<\/p>\n<p>\u00abLa voz del pueblo se ha hecho escuchar y la voz del pueblo se ha hecho respetar. Hemos vuelto a aprender que la democracia es algo invaluable, que la democracia es fr\u00e1gil. A esta hora, amigos m\u00edos, la democracia venci\u00f3\u00bb, expres\u00f3 Biden.<\/p>\n<p>\u00abEste es el d\u00eda de Estados Unidos. Este es el d\u00eda de la democracia. Es un d\u00eda de historia y de esperanza, de renovaci\u00f3n y dedicaci\u00f3n\u00bb, a\u00f1adi\u00f3.<\/p>\n<p>Seguidamente mencion\u00f3 los desaf\u00edos que le esperan, entre ellos la pandemia que ya ha causado m\u00e1s de 400.000 muertes en Estados Unidos. Enfrente ten\u00eda el desolador panorama de una ciudad con sus negocios cerrados, reflejo de los estragos econ\u00f3micos que la enfermedad ha dejado.<\/p>\n<p>A pesar del acontecimiento hist\u00f3rico, el presidente saliente no ofreci\u00f3 ni el m\u00e1s m\u00ednimo saludo.<\/p>\n<p>Desde\u00f1ando la tradici\u00f3n, Donald Trump se fue de Washington por la ma\u00f1ana, neg\u00e1ndose a acompa\u00f1ar a su sucesor al Capitolio como ha sido la vieja costumbre. Si bien tres presidentes anteriores\u2014Bill Clinton, George W. Bush y Barack Obama\u2014 acudieron a la cita, Trump \u2014a punto de ser sometido a un segundo juicio pol\u00edtico por instigar el asalto al Capitolio\u2014 vol\u00f3 a Florida tras animar a sus seguidores con la mentira de que la victoria de Biden fue ileg\u00edtima.<\/p>\n<p>Biden, en su tercera contienda por la presidencia, centr\u00f3 su candidatura menos en una ideolog\u00eda pol\u00edtica espec\u00edfica y m\u00e1s en unificar una coalici\u00f3n de votantes alrededor de la noci\u00f3n de que Trump representaba una amenaza existencial para la democracia del pa\u00eds.<\/p>\n<p>\u00abBiden encara una serie de crisis urgentes jam\u00e1s vistas en la historia de este pa\u00eds y todas tienen que ser resueltas inmediatamente. Es muy dif\u00edcil encontrar un momento comparable en la historia\u00bb, opin\u00f3 Michael Beschloss, historiador de la presidente estadounidense.<\/p>\n<p>\u00abCreo que la democracia en este pa\u00eds estuvo muy cerca de desaparecer. Los ciudadanos que est\u00e1n observando esta ceremonia est\u00e1n sumamente conscientes de lo fr\u00e1gil que es nuestra democracia, de cu\u00e1nto hay que esforzarse para protegerla\u00bb, a\u00f1adi\u00f3.<\/p>\n<p>Biden asciende al cargo con gran empat\u00eda y dedicaci\u00f3n, nacidos de tragedias personales y de sus m\u00e1s de cuatro d\u00e9cadas de experiencia como pol\u00edtico en Washington. A sus 78 a\u00f1os, es adem\u00e1s la persona de mayor edad que jam\u00e1s ha asumido la presidencia estadounidense.<\/p>\n<p>Otro hecho in\u00e9dito es el ascenso de su vicepresidenta, Kamala Harris, la primera persona de raza negra y la primera de ascendencia surasi\u00e1tica en ocupar ese cargo. La exsenadora por California es adem\u00e1s la mujer que hasta ahora ha llegado al m\u00e1s alto cargo en el Poder Ejecutivo del pa\u00eds.<\/p>\n<p>La ceremonia se dio bajo unas medidas de seguridad jam\u00e1s vistas en la capital estadounidense: Miles de soldados y polic\u00edas vigilan la zona, d\u00edas despu\u00e9s de que una turba de fan\u00e1ticos seguidores de Trump asaltaron el Capitolio en un intento por frustrar la certificaci\u00f3n de la victoria de Biden.<\/p>\n<p>Primeras labores<br \/>\nEl actual presidente de Estados Unidos comenz\u00f3 inmediatamente a trabajar. Este mi\u00e9rcoles firm\u00f3 una serie de decretos incluyendo una orden para que el pa\u00eds vuelva a estar comprometido con el acuerdo de Par\u00eds sobre el clima y un documento para anular la decisi\u00f3n de dejar la Organizaci\u00f3n Mundial de la Salud (OMS).<\/p>\n<p>\u00abVamos a combatir el cambio clim\u00e1tico de una forma que no hab\u00edamos intentado hasta ahora\u00bb, explic\u00f3 Biden. Entre los documentos se consignaron las medidas de protecci\u00f3n medioambiental, pero tambi\u00e9n normas para luchar contra la pandemia del covid-19.<\/p>\n<p>https:\/\/www.lacuarta.com\/mundo\/noticia\/biden-asume-la-presidencia-de-eeuu-la-democracia-vencio\/591830\/<br \/>\nFUENTE. LA CUARTA.COM<br \/>\nMEDIO DE DIFUSI\u00d3N, SIN FIN DE LUCRO ALGUNO.<\/p>\n","protected":false},"excerpt":{"rendered":"<p>Joe Biden fue juramentado el mi\u00e9rcoles como el 46o presidente de Estados Unidos, tomando el tim\u00f3n de un pa\u00eds profundamente dividido y heredando una confluencia de crisis mayor que la enfrentada por ninguno de sus sucesores. En su discurso inaugural, Biden afirm\u00f3 que es deber de todo ciudadano estadounidense, pero especialmente de sus l\u00edderes democr\u00e1ticamente [&hellip;]<\/p>\n","protected":false},"author":51,"featured_media":0,"comment_status":"open","ping_status":"open","sticky":false,"template":"","format":"standard","meta":{"footnotes":""},"categories":[4,5,16,1,31,11],"tags":[676,147,53],"class_list":["post-26431","post","type-post","status-publish","format-standard","hentry","category-economia","category-internacional","category-nacional","category-uncategorized","category-salud","category-tendencias","tag-cambio-de-mando","tag-eeuu","tag-mundial"],"_links":{"self":[{"href":"http:\/\/www.lanuevaopcion.cl\/index.php?rest_route=\/wp\/v2\/posts\/26431","targetHints":{"allow":["GET"]}}],"collection":[{"href":"http:\/\/www.lanuevaopcion.cl\/index.php?rest_route=\/wp\/v2\/posts"}],"about":[{"href":"http:\/\/www.lanuevaopcion.cl\/index.php?rest_route=\/wp\/v2\/types\/post"}],"author":[{"embeddable":true,"href":"http:\/\/www.lanuevaopcion.cl\/index.php?rest_route=\/wp\/v2\/users\/51"}],"replies":[{"embeddable":true,"href":"http:\/\/www.lanuevaopcion.cl\/index.php?rest_route=%2Fwp%2Fv2%2Fcomments&post=26431"}],"version-history":[{"count":1,"href":"http:\/\/www.lanuevaopcion.cl\/index.php?rest_route=\/wp\/v2\/posts\/26431\/revisions"}],"predecessor-version":[{"id":26432,"href":"http:\/\/www.lanuevaopcion.cl\/index.php?rest_route=\/wp\/v2\/posts\/26431\/revisions\/26432"}],"wp:attachment":[{"href":"http:\/\/www.lanuevaopcion.cl\/index.php?rest_route=%2Fwp%2Fv2%2Fmedia&parent=26431"}],"wp:term":[{"taxonomy":"category","embeddable":true,"href":"http:\/\/www.lanuevaopcion.cl\/index.php?rest_route=%2Fwp%2Fv2%2Fcategories&post=26431"},{"taxonomy":"post_tag","embeddable":true,"href":"http:\/\/www.lanuevaopcion.cl\/index.php?rest_route=%2Fwp%2Fv2%2Ftags&post=26431"}],"curies":[{"name":"wp","href":"https:\/\/api.w.org\/{rel}","templated":true}]}}