{"id":26429,"date":"2021-01-21T04:59:52","date_gmt":"2021-01-21T04:59:52","guid":{"rendered":"http:\/\/www.lanuevaopcion.cl\/?p=26429"},"modified":"2021-01-21T04:59:52","modified_gmt":"2021-01-21T04:59:52","slug":"anuncian-expulsion-a-extranjeros-que-participaron-en-fiesta-clandestina","status":"publish","type":"post","link":"http:\/\/www.lanuevaopcion.cl\/?p=26429","title":{"rendered":"Anuncian expulsi\u00f3n a extranjeros que participaron en fiesta clandestina"},"content":{"rendered":"<p><img loading=\"lazy\" decoding=\"async\"  alt=\"\" src=\"https:\/\/www.lacuarta.com\/wp-content\/uploads\/2021\/01\/vumplr-390x293.jpg\" class=\"alignleft\" width=\"390\" height=\"293\" \/ class=\"alignleft\" style=\"margin-right:15px;margin-bottom:10px;float:left;\" ><br \/>\nEn la regi\u00f3n de Valpara\u00edso se aburrieron de las fiestas clandestinas. De esta forma ahora pondr\u00e1n mano dura con los inescrupulosos que sigan reuni\u00e9ndose en plena pandemia.<\/p>\n<p>As\u00ed lo inform\u00f3 el Intendente Jorge Mart\u00ednez. Esto tras lo ocurrido en Villa Alemana con un cumplea\u00f1os con 16 personas (13 venezolanos, dos chilenos y una mujer colombiana). Situaci\u00f3n que colm\u00f3 la paciencia, por lo que los extranjeros ser\u00e1n expulsados del pa\u00eds.<br \/>\n<!--more--><br \/>\nExpulsados por fiesta clandestina<br \/>\nSeg\u00fan detall\u00f3 24 Horas, dos de los extranjeros no ten\u00edan su documentaci\u00f3n al d\u00eda. Por dicho motivo, la Intendencia anunci\u00f3 la iniciaci\u00f3n de acciones legales que podr\u00edan derivar en la expulsi\u00f3n del pa\u00eds, ya que infringieron el art\u00edculo 318 de C\u00f3digo sanitario.<\/p>\n<p>\u00abEran b\u00e1sicamente extranjeros de los cuales algunos de ellos no ten\u00edan residencia por lo cual cometen un delito, seg\u00fan la Ley de Extranjer\u00eda, y por no tener residencia he resuelto decretar la expulsi\u00f3n del territorio nacional de ellos\u00bb, agreg\u00f3 Mart\u00ednez.<br \/>\nhttps:\/\/www.lacuarta.com\/cronica\/noticia\/anuncian-expulsion-extranjeros-participaron-fiesta-clandestina\/591930\/<br \/>\nFUENTE. LA CUARTA.COM<br \/>\nMEDIO DE DIFUSI\u00d3N , SIN FIN DE LUCRO ALGUNO <\/p>\n","protected":false},"excerpt":{"rendered":"<p>En la regi\u00f3n de Valpara\u00edso se aburrieron de las fiestas clandestinas. De esta forma ahora pondr\u00e1n mano dura con los inescrupulosos que sigan reuni\u00e9ndose en plena pandemia. As\u00ed lo inform\u00f3 el Intendente Jorge Mart\u00ednez. Esto tras lo ocurrido en Villa Alemana con un cumplea\u00f1os con 16 personas (13 venezolanos, dos chilenos y una mujer colombiana). [&hellip;]<\/p>\n","protected":false},"author":51,"featured_media":0,"comment_status":"open","ping_status":"open","sticky":false,"template":"","format":"standard","meta":{"footnotes":""},"categories":[8,4,9,5,16,1,31,11],"tags":[535,624],"class_list":["post-26429","post","type-post","status-publish","format-standard","hentry","category-cultura","category-economia","category-educacion","category-internacional","category-nacional","category-uncategorized","category-salud","category-tendencias","tag-covid-19","tag-extranjeros"],"_links":{"self":[{"href":"http:\/\/www.lanuevaopcion.cl\/index.php?rest_route=\/wp\/v2\/posts\/26429","targetHints":{"allow":["GET"]}}],"collection":[{"href":"http:\/\/www.lanuevaopcion.cl\/index.php?rest_route=\/wp\/v2\/posts"}],"about":[{"href":"http:\/\/www.lanuevaopcion.cl\/index.php?rest_route=\/wp\/v2\/types\/post"}],"author":[{"embeddable":true,"href":"http:\/\/www.lanuevaopcion.cl\/index.php?rest_route=\/wp\/v2\/users\/51"}],"replies":[{"embeddable":true,"href":"http:\/\/www.lanuevaopcion.cl\/index.php?rest_route=%2Fwp%2Fv2%2Fcomments&post=26429"}],"version-history":[{"count":1,"href":"http:\/\/www.lanuevaopcion.cl\/index.php?rest_route=\/wp\/v2\/posts\/26429\/revisions"}],"predecessor-version":[{"id":26430,"href":"http:\/\/www.lanuevaopcion.cl\/index.php?rest_route=\/wp\/v2\/posts\/26429\/revisions\/26430"}],"wp:attachment":[{"href":"http:\/\/www.lanuevaopcion.cl\/index.php?rest_route=%2Fwp%2Fv2%2Fmedia&parent=26429"}],"wp:term":[{"taxonomy":"category","embeddable":true,"href":"http:\/\/www.lanuevaopcion.cl\/index.php?rest_route=%2Fwp%2Fv2%2Fcategories&post=26429"},{"taxonomy":"post_tag","embeddable":true,"href":"http:\/\/www.lanuevaopcion.cl\/index.php?rest_route=%2Fwp%2Fv2%2Ftags&post=26429"}],"curies":[{"name":"wp","href":"https:\/\/api.w.org\/{rel}","templated":true}]}}