{"id":26236,"date":"2020-10-08T06:56:42","date_gmt":"2020-10-08T06:56:42","guid":{"rendered":"http:\/\/www.lanuevaopcion.cl\/?p=26236"},"modified":"2020-10-08T06:56:42","modified_gmt":"2020-10-08T06:56:42","slug":"piden-transporte-gratuito-para-el-dia-del-plebiscito","status":"publish","type":"post","link":"http:\/\/www.lanuevaopcion.cl\/?p=26236","title":{"rendered":"Piden transporte gratuito para el d\u00eda del plebiscito"},"content":{"rendered":"<p><img loading=\"lazy\" decoding=\"async\"  alt=\"\" src=\"https:\/\/www.lacuarta.com\/wp-content\/uploads\/2020\/10\/Retorno-de-personas-h-8077265-390x293.jpg\" class=\"alignleft\" width=\"390\" height=\"293\" \/ class=\"alignleft\" style=\"margin-right:15px;margin-bottom:10px;float:left;\" ><br \/>\nCon la fe puesta en garantizar las condiciones para un plebiscito seguro y participativo, se reunieron ayer senadores con alcaldes de distintas comunas del pa\u00eds.<\/p>\n<p>La idea de los parlamentarios Yasna Provoste (DC) y Alejandro Navarro (Pa\u00eds), es generar apoyo transversal frente al proyecto de reforma constitucional que busca garantizar el transporte p\u00fablico gratuito en el plebiscito del pr\u00f3ximo 25 de octubre, y en general, para toda elecci\u00f3n en el futuro.<br \/>\n<!--more--><br \/>\nEn el encuentro la senadora Provoste, explic\u00f3 que la propuesta \u201cbusca que el Estado asegure condiciones de acceso y, por cierto, de seguridad para los procesos eleccionarios de car\u00e1cter nacional y local; y busca atender las consecuencias sociales y econ\u00f3micas que hoy generan una amenaza para la participaci\u00f3n de este plebiscito\u201d.<\/p>\n<p>Agreg\u00f3 que como la Constituci\u00f3n garantiza por ley ejercer el derecho a voto \u201cnosotros debemos ser capaces de garantizar que ning\u00fan sector, ninguna familia, no pueda ejercer ese derecho por las condiciones econ\u00f3micas de no contar con recursos para el traslado hacia los distintos lugares de votaci\u00f3n\u201d.<\/p>\n<p>Para el senador Navarro \u201ces vital el transporte p\u00fablico gratuito para el plebiscito si el gobierno quiere dar una se\u00f1al de participaci\u00f3n\u201d.<\/p>\n<p>El parlamentario le hizo un llamado al presidente Pi\u00f1era a facilitar las medidas \u201ctal como se lo hici\u00e9ramos saber tambi\u00e9n al Servel el d\u00eda 7 de septiembre\u201d.<\/p>\n<p>En la reuni\u00f3n, que se realiz\u00f3 de manera virtual, participaron los alcaldes de Renca, Pe\u00f1alol\u00e9n, Independencia en la Regi\u00f3n Metropolitana, como de las comunas de Arica, Vallenar, Huasco, Freirina, Purranque y Talcahuano, los que se habr\u00edan comprometido en apoyar la propuesta.<\/p>\n<p>\u201cNuestras vecinas y vecinos quieren participar, nos lo dicen todos los d\u00edas. Por eso contar con transporte gratuito ese d\u00eda no s\u00f3lo es una garant\u00eda de seguridad y de alivio financiero, sino que tambi\u00e9n ser\u00eda una se\u00f1al indudable del compromiso del gobierno para eliminar las trabas de la participaci\u00f3n\u201d, dijo el alcalde de Renca, Claudio Castro, tras el encuentro.<\/p>\n<p>Uno de los que no estuvo en el encuentro, pero que se mostr\u00f3 a favor de la iniciativa, fue el edil de Puente Alto, Germ\u00e1n Codina: \u201cEs muy importante que podamos facilitar todos los medios necesarios para que el plebiscito sea un \u00e9xito y tenga una gran participaci\u00f3n (\u2026) y que eso le de tambi\u00e9n la legitimidad necesaria al plebiscito para que nadie lo pueda cuestionar a futuro\u201d.<\/p>\n<p>Tablas<br \/>\nLa iniciativa legal fue presentada en enero de 2020, pero seg\u00fan se\u00f1alaron ambos parlamentarios, se encuentra en condiciones de iniciar su tr\u00e1mite legislativo a 17 d\u00edas del plebiscito nacional. Para eso explicaron que van a sostener un encuentro con el presidente de la Comisi\u00f3n de Constituci\u00f3n, Legislaci\u00f3n y Justicia del Senado, Alfonso de Urresti. \u00bfLa raz\u00f3n? Pedirle que ponga el proyecto en tabla.<\/p>\n<p>Adem\u00e1s hoy hay programada una reuni\u00f3n entre el Ministerio de Transportes, alcaldes y el Servel, donde, entre otros temas, algunos alcaldes esperan zanjar este asunto (ver recuadro).<\/p>\n","protected":false},"excerpt":{"rendered":"<p>Con la fe puesta en garantizar las condiciones para un plebiscito seguro y participativo, se reunieron ayer senadores con alcaldes de distintas comunas del pa\u00eds. La idea de los parlamentarios Yasna Provoste (DC) y Alejandro Navarro (Pa\u00eds), es generar apoyo transversal frente al proyecto de reforma constitucional que busca garantizar el transporte p\u00fablico gratuito en [&hellip;]<\/p>\n","protected":false},"author":51,"featured_media":0,"comment_status":"open","ping_status":"open","sticky":false,"template":"","format":"standard","meta":{"footnotes":""},"categories":[8,4,9,16,30,1,11],"tags":[612,576],"class_list":["post-26236","post","type-post","status-publish","format-standard","hentry","category-cultura","category-economia","category-educacion","category-nacional","category-policial","category-uncategorized","category-tendencias","tag-plabiscito","tag-plebiscito-constitucional"],"_links":{"self":[{"href":"http:\/\/www.lanuevaopcion.cl\/index.php?rest_route=\/wp\/v2\/posts\/26236","targetHints":{"allow":["GET"]}}],"collection":[{"href":"http:\/\/www.lanuevaopcion.cl\/index.php?rest_route=\/wp\/v2\/posts"}],"about":[{"href":"http:\/\/www.lanuevaopcion.cl\/index.php?rest_route=\/wp\/v2\/types\/post"}],"author":[{"embeddable":true,"href":"http:\/\/www.lanuevaopcion.cl\/index.php?rest_route=\/wp\/v2\/users\/51"}],"replies":[{"embeddable":true,"href":"http:\/\/www.lanuevaopcion.cl\/index.php?rest_route=%2Fwp%2Fv2%2Fcomments&post=26236"}],"version-history":[{"count":1,"href":"http:\/\/www.lanuevaopcion.cl\/index.php?rest_route=\/wp\/v2\/posts\/26236\/revisions"}],"predecessor-version":[{"id":26237,"href":"http:\/\/www.lanuevaopcion.cl\/index.php?rest_route=\/wp\/v2\/posts\/26236\/revisions\/26237"}],"wp:attachment":[{"href":"http:\/\/www.lanuevaopcion.cl\/index.php?rest_route=%2Fwp%2Fv2%2Fmedia&parent=26236"}],"wp:term":[{"taxonomy":"category","embeddable":true,"href":"http:\/\/www.lanuevaopcion.cl\/index.php?rest_route=%2Fwp%2Fv2%2Fcategories&post=26236"},{"taxonomy":"post_tag","embeddable":true,"href":"http:\/\/www.lanuevaopcion.cl\/index.php?rest_route=%2Fwp%2Fv2%2Ftags&post=26236"}],"curies":[{"name":"wp","href":"https:\/\/api.w.org\/{rel}","templated":true}]}}