{"id":26231,"date":"2020-10-06T03:21:31","date_gmt":"2020-10-06T03:21:31","guid":{"rendered":"http:\/\/www.lanuevaopcion.cl\/?p=26231"},"modified":"2020-10-06T03:21:31","modified_gmt":"2020-10-06T03:21:31","slug":"presentan-denuncia-por-amenazas-a-la-fiscal-chong-durante-formalizacion-del-carabinero-zamora","status":"publish","type":"post","link":"http:\/\/www.lanuevaopcion.cl\/?p=26231","title":{"rendered":"Presentan denuncia por amenazas a la fiscal Chong durante formalizaci\u00f3n del carabinero Zamora"},"content":{"rendered":"<p><img loading=\"lazy\" decoding=\"async\"  alt=\"\" src=\"https:\/\/www.lacuarta.com\/wp-content\/uploads\/2020\/10\/Manifestante-cae-al-Ri-8022194-390x293.jpg\" class=\"alignleft\" width=\"390\" height=\"293\" \/ class=\"alignleft\" style=\"margin-right:15px;margin-bottom:10px;float:left;\" ><br \/>\nEsta tarde el senador del Partido Progresista, Alejandro Navarro, ingres\u00f3 una denuncia ante la Fiscal\u00eda contra quienes resulten responsables de las amenazas y divulgaci\u00f3n de informaci\u00f3n personal de la fiscal Ximena Chong, durante la audiencia de formalizaci\u00f3n del carabinero Sebasti\u00e1n Zamora Soto por lo hechos ocurridos el viernes pasado en el Puente P\u00edo Nono.<br \/>\n<!--more--><br \/>\nSeg\u00fan narra la presentaci\u00f3n hecha por el parlamentario, \u00abmientras se realizaba la medi\u00e1tica audiencia del carabinero, cuya transmisi\u00f3n se public\u00f3 en la p\u00e1gina oficial del Poder Judicial en Facebook, un sujeto comenz\u00f3 a amenazar a la fiscal Chong\u00bb.<\/p>\n<p>El escrito denuncia que \u00aben los comentarios de la publicaci\u00f3n de Poder Judicial, el usuario coment\u00f3, bajo un seud\u00f3nimo, la direcci\u00f3n de la abogada, seguido de \u2018ah\u00ed vive la fiscal, vamos a saludarla&#8217;\u00bb. Posterior a aquel escrito, el sujeto la interpel\u00f3 directamente inst\u00e1ndola a \u00abque empiece a caminar para atr\u00e1s mejor\u00bb.<\/p>\n<p>Para el senador Navarro, \u00abla ley 20.236 sanciona delitos cometidos contra fiscales del Ministerio P\u00fablico en el ejercicio de sus funciones, aqu\u00ed hubo amenazas y la publicaci\u00f3n de la direcci\u00f3n del domicilio de la fiscal Chong. Estas conductas deben ser castigadas con todo el rigor de la ley, pues no puede quedar impune un acto delictual que busca amedrentar a una fiscal\u00bb.<\/p>\n<p>\u00abNo es admisible en una democracia, que por el cumplimiento de los deberes legales de los Fiscales, se les venga a amenazar. Estas conductas no deben quedar impunes. La ley lo dice claro, el que amenazare a un fiscal del Ministerio en los t\u00e9rminos de los art\u00edculos 296 y 297 de este C\u00f3digo, en raz\u00f3n del ejercicio de sus funciones, ser\u00e1 castigado con el m\u00e1ximo de la pena o el grado m\u00e1ximo de las penas previstas en dichos art\u00edculos, seg\u00fan correspondiere\u00bb, agreg\u00f3 el honorable.<\/p>\n<p>\u00abLas redes sociales no son un cheque en blanco para la amenaza, el amedrentamiento, para la difamasi\u00f3n o para la desinformaci\u00f3n. Las amenazas que recibi\u00f3 la fiscal Chong de parte de una cuenta an\u00f3nima deben ser investigadas y sancionadas. Llamo a todos los sectores a condenar este cobarde hecho\u00bb, sentenci\u00f3.<br \/>\nhttps:\/\/www.lacuarta.com\/cronica\/noticia\/formalizacion-chong-carabinero\/552172\/<br \/>\nFUENTE. LA CUARTA.COM<br \/>\nMEDIO DE DIFUSI\u00d3N N, SI FIN DE LUCRO ALGUNOI. <\/p>\n","protected":false},"excerpt":{"rendered":"<p>Esta tarde el senador del Partido Progresista, Alejandro Navarro, ingres\u00f3 una denuncia ante la Fiscal\u00eda contra quienes resulten responsables de las amenazas y divulgaci\u00f3n de informaci\u00f3n personal de la fiscal Ximena Chong, durante la audiencia de formalizaci\u00f3n del carabinero Sebasti\u00e1n Zamora Soto por lo hechos ocurridos el viernes pasado en el Puente P\u00edo Nono.<\/p>\n","protected":false},"author":51,"featured_media":0,"comment_status":"open","ping_status":"open","sticky":false,"template":"","format":"standard","meta":{"footnotes":""},"categories":[8,9,5,16,30,1,31,11],"tags":[315],"class_list":["post-26231","post","type-post","status-publish","format-standard","hentry","category-cultura","category-educacion","category-internacional","category-nacional","category-policial","category-uncategorized","category-salud","category-tendencias","tag-fiscalia"],"_links":{"self":[{"href":"http:\/\/www.lanuevaopcion.cl\/index.php?rest_route=\/wp\/v2\/posts\/26231","targetHints":{"allow":["GET"]}}],"collection":[{"href":"http:\/\/www.lanuevaopcion.cl\/index.php?rest_route=\/wp\/v2\/posts"}],"about":[{"href":"http:\/\/www.lanuevaopcion.cl\/index.php?rest_route=\/wp\/v2\/types\/post"}],"author":[{"embeddable":true,"href":"http:\/\/www.lanuevaopcion.cl\/index.php?rest_route=\/wp\/v2\/users\/51"}],"replies":[{"embeddable":true,"href":"http:\/\/www.lanuevaopcion.cl\/index.php?rest_route=%2Fwp%2Fv2%2Fcomments&post=26231"}],"version-history":[{"count":2,"href":"http:\/\/www.lanuevaopcion.cl\/index.php?rest_route=\/wp\/v2\/posts\/26231\/revisions"}],"predecessor-version":[{"id":26233,"href":"http:\/\/www.lanuevaopcion.cl\/index.php?rest_route=\/wp\/v2\/posts\/26231\/revisions\/26233"}],"wp:attachment":[{"href":"http:\/\/www.lanuevaopcion.cl\/index.php?rest_route=%2Fwp%2Fv2%2Fmedia&parent=26231"}],"wp:term":[{"taxonomy":"category","embeddable":true,"href":"http:\/\/www.lanuevaopcion.cl\/index.php?rest_route=%2Fwp%2Fv2%2Fcategories&post=26231"},{"taxonomy":"post_tag","embeddable":true,"href":"http:\/\/www.lanuevaopcion.cl\/index.php?rest_route=%2Fwp%2Fv2%2Ftags&post=26231"}],"curies":[{"name":"wp","href":"https:\/\/api.w.org\/{rel}","templated":true}]}}