{"id":26227,"date":"2020-10-02T14:58:32","date_gmt":"2020-10-02T14:58:32","guid":{"rendered":"http:\/\/www.lanuevaopcion.cl\/?p=26227"},"modified":"2020-10-02T14:58:32","modified_gmt":"2020-10-02T14:58:32","slug":"otro-puma-en-las-condes-esta-en-las-cercanias-de-la-casa-del-presidente-pinera","status":"publish","type":"post","link":"http:\/\/www.lanuevaopcion.cl\/?p=26227","title":{"rendered":"Otro puma en Las Condes: est\u00e1 en las cercan\u00edas de la casa del Presidente Pi\u00f1era"},"content":{"rendered":"<p><img loading=\"lazy\" decoding=\"async\"  alt=\"\" src=\"https:\/\/www.lacuarta.com\/wp-content\/uploads\/2020\/10\/Puma-Las-Condes-390x293.jpg\" class=\"alignleft\" width=\"390\" height=\"293\" \/ class=\"alignleft\" style=\"margin-right:15px;margin-bottom:10px;float:left;\" ><br \/>\nPodr\u00eda ser una noticia de cualquier d\u00eda o semana anterior, pero hoy viernes 2 de octubre nuevamente un puma fue avistado en Las Condes.<\/p>\n<p>El hecho fue informado desde temprano por el alcalde de la comuna Joaqu\u00edn Lav\u00edn. \u00abOtro puma en zona de Camino La Fuente y Lavandulas. Ha saltado pandereta y entrado y salido de var\u00edas casas\u00bb, explic\u00f3 el edil a trav\u00e9s de Twitter.<br \/>\n<!--more--><br \/>\nEn el lugar ya se encuentra personal de SAG y del Zoologico Nacional para intentar rescatar al animal y llevarlo a la precordillera. Tambi\u00e9n hay personal de Carabineros, ya que en las cercan\u00edas de donde se encuentra el puma vive el Presidente Sebasti\u00e1n Pi\u00f1era.<\/p>\n<p>M\u00c1S SOBRE SAG<br \/>\nLanzan libro infantil para conocer a animales silvestres en 3D23 ABR 2020<br \/>\n\u00abQu\u00e9date con el que te mire&#8230;\u00bb: revuelo por \u00edntimo encuentro de Jennifer Aniston con Brad Pitt20 ENE 2020<br \/>\nEl cuarto episodio<br \/>\nCon el episodio de hoy, ya es la cuarta ocasi\u00f3n en los \u00faltimos nueve d\u00edas en que uno de estos felinos es visualizado en zona residencial. Seg\u00fan la \u00faltima informaci\u00f3n, ser\u00edan dos pumas los que andar\u00edan en la zona residencial.<\/p>\n<p>https:\/\/www.lacuarta.com\/cronica\/noticia\/puma-las-condes-episodio\/551148\/<br \/>\nFUENTE, LA CUARTA.COM<br \/>\nMEDIO SOLO DIFUSI\u00d3N, SIN FIN DE LUCRO ALGUNO<\/p>\n","protected":false},"excerpt":{"rendered":"<p>Podr\u00eda ser una noticia de cualquier d\u00eda o semana anterior, pero hoy viernes 2 de octubre nuevamente un puma fue avistado en Las Condes. El hecho fue informado desde temprano por el alcalde de la comuna Joaqu\u00edn Lav\u00edn. \u00abOtro puma en zona de Camino La Fuente y Lavandulas. Ha saltado pandereta y entrado y salido [&hellip;]<\/p>\n","protected":false},"author":51,"featured_media":0,"comment_status":"open","ping_status":"open","sticky":false,"template":"","format":"standard","meta":{"footnotes":""},"categories":[8,9,16,30,31,11],"tags":[611],"class_list":["post-26227","post","type-post","status-publish","format-standard","hentry","category-cultura","category-educacion","category-nacional","category-policial","category-salud","category-tendencias","tag-puma"],"_links":{"self":[{"href":"http:\/\/www.lanuevaopcion.cl\/index.php?rest_route=\/wp\/v2\/posts\/26227","targetHints":{"allow":["GET"]}}],"collection":[{"href":"http:\/\/www.lanuevaopcion.cl\/index.php?rest_route=\/wp\/v2\/posts"}],"about":[{"href":"http:\/\/www.lanuevaopcion.cl\/index.php?rest_route=\/wp\/v2\/types\/post"}],"author":[{"embeddable":true,"href":"http:\/\/www.lanuevaopcion.cl\/index.php?rest_route=\/wp\/v2\/users\/51"}],"replies":[{"embeddable":true,"href":"http:\/\/www.lanuevaopcion.cl\/index.php?rest_route=%2Fwp%2Fv2%2Fcomments&post=26227"}],"version-history":[{"count":1,"href":"http:\/\/www.lanuevaopcion.cl\/index.php?rest_route=\/wp\/v2\/posts\/26227\/revisions"}],"predecessor-version":[{"id":26228,"href":"http:\/\/www.lanuevaopcion.cl\/index.php?rest_route=\/wp\/v2\/posts\/26227\/revisions\/26228"}],"wp:attachment":[{"href":"http:\/\/www.lanuevaopcion.cl\/index.php?rest_route=%2Fwp%2Fv2%2Fmedia&parent=26227"}],"wp:term":[{"taxonomy":"category","embeddable":true,"href":"http:\/\/www.lanuevaopcion.cl\/index.php?rest_route=%2Fwp%2Fv2%2Fcategories&post=26227"},{"taxonomy":"post_tag","embeddable":true,"href":"http:\/\/www.lanuevaopcion.cl\/index.php?rest_route=%2Fwp%2Fv2%2Ftags&post=26227"}],"curies":[{"name":"wp","href":"https:\/\/api.w.org\/{rel}","templated":true}]}}