{"id":26223,"date":"2020-09-30T15:32:21","date_gmt":"2020-09-30T15:32:21","guid":{"rendered":"http:\/\/www.lanuevaopcion.cl\/?p=26223"},"modified":"2020-09-30T15:32:21","modified_gmt":"2020-09-30T15:32:21","slug":"estas-son-las-10-comunas-con-mas-casos-activos","status":"publish","type":"post","link":"http:\/\/www.lanuevaopcion.cl\/?p=26223","title":{"rendered":"Estas son las 10 comunas con m\u00e1s casos activos"},"content":{"rendered":"<p><img loading=\"lazy\" decoding=\"async\"  alt=\"\" src=\"https:\/\/www.lacuarta.com\/wp-content\/uploads\/2020\/09\/COVID-MAGALLANES-5-7975750-390x293.jpg\" class=\"alignleft\" width=\"390\" height=\"293\" \/ class=\"alignleft\" style=\"margin-right:15px;margin-bottom:10px;float:left;\" ><br \/>\nLa ciudad de Punta Arenas sigue siendo el foco de preocupaci\u00f3n de las autoridades sanitarias. La comuna austral contin\u00faa liderando, y por lejos, la cantidad de casos activos del pa\u00eds.<\/p>\n<p>La capital regional de Magallanes posee actualmente 1.242 casos activos seg\u00fan el \u00faltimo informe epidemiol\u00f3gico del Minsal (N\u00b054). La cifra preocupa, porque la comuna que la sigue, Puente Alto, posee 371, o sea, con tres veces menos de casos (ver gr\u00e1fico).<br \/>\n<!--more--><br \/>\nLa situaci\u00f3n tiene en alerta al alcalde, Claudio Radonich, quien advirti\u00f3 que la situaci\u00f3n actual \u201ces 5 veces m\u00e1s alta que la primera ola de contagios\u201d e, incluso, ha pedido un cambio de estrategia.<\/p>\n<p>M\u00c1S SOBRE COVID-19<br \/>\nEn observaci\u00f3n \u201cefecto 18\u201d por aumento de casos27 SEP 2020<br \/>\nVacuna gringa se mete por los palos y podr\u00eda tener visto bueno para la Navidad23 SEP 2020<br \/>\nPara Claudio Castillo, mag\u00edster en Salud P\u00fablica Facimed Usach, el panorama de Magallanes \u201ces preocupante por varias razones, porque lleva una tendencia al alza. Si uno mira el reporte del d\u00eda de hoy (ayer) es un alza de un 27% de positividad y en la semana un 23%; por lo tanto, eso implica que adem\u00e1s que los casos est\u00e1n aumentando, la positividad es alta (\u2026) Tampoco se ha mejorado en trazabilidad o consulta temprana\u201d.<\/p>\n<p>Casos en la RM<br \/>\nRespecto a los casos positivos en la Regi\u00f3n Metropolitana, recalca que \u201clo que tenemos aqu\u00ed es una situaci\u00f3n bastante benigna, tanto en la din\u00e1mica de contagio, como en el testeo, en la trazabilidad, incluso en la capacidad hospitalaria. Los indicadores no son positivos, pero digamos que son bastante mejor que el promedio nacional. Si uno ve el \u00faltimo reporte de positividad es de un 4%. Eso es positivo, se est\u00e1 avanzando, pero la mayor actividad social de antes y durante Fiestas Patrias va a tener un aumento en el n\u00famero de casos, que es lo m\u00e1s esperable\u201d.<\/p>\n<p>https:\/\/www.lacuarta.com\/cronica\/noticia\/estas-las-10-comunas-mas-casos-activos\/550077\/<br \/>\nFUENTE. LA CUARTA.COM<br \/>\nMEDIO DE DIFUSI\u00d3N , SIN FIN DE LUCRO ALGUNO <\/p>\n","protected":false},"excerpt":{"rendered":"<p>La ciudad de Punta Arenas sigue siendo el foco de preocupaci\u00f3n de las autoridades sanitarias. La comuna austral contin\u00faa liderando, y por lejos, la cantidad de casos activos del pa\u00eds. La capital regional de Magallanes posee actualmente 1.242 casos activos seg\u00fan el \u00faltimo informe epidemiol\u00f3gico del Minsal (N\u00b054). La cifra preocupa, porque la comuna que [&hellip;]<\/p>\n","protected":false},"author":51,"featured_media":0,"comment_status":"open","ping_status":"open","sticky":false,"template":"","format":"standard","meta":{"footnotes":""},"categories":[8,4,16,31,11],"tags":[535],"class_list":["post-26223","post","type-post","status-publish","format-standard","hentry","category-cultura","category-economia","category-nacional","category-salud","category-tendencias","tag-covid-19"],"_links":{"self":[{"href":"http:\/\/www.lanuevaopcion.cl\/index.php?rest_route=\/wp\/v2\/posts\/26223","targetHints":{"allow":["GET"]}}],"collection":[{"href":"http:\/\/www.lanuevaopcion.cl\/index.php?rest_route=\/wp\/v2\/posts"}],"about":[{"href":"http:\/\/www.lanuevaopcion.cl\/index.php?rest_route=\/wp\/v2\/types\/post"}],"author":[{"embeddable":true,"href":"http:\/\/www.lanuevaopcion.cl\/index.php?rest_route=\/wp\/v2\/users\/51"}],"replies":[{"embeddable":true,"href":"http:\/\/www.lanuevaopcion.cl\/index.php?rest_route=%2Fwp%2Fv2%2Fcomments&post=26223"}],"version-history":[{"count":1,"href":"http:\/\/www.lanuevaopcion.cl\/index.php?rest_route=\/wp\/v2\/posts\/26223\/revisions"}],"predecessor-version":[{"id":26224,"href":"http:\/\/www.lanuevaopcion.cl\/index.php?rest_route=\/wp\/v2\/posts\/26223\/revisions\/26224"}],"wp:attachment":[{"href":"http:\/\/www.lanuevaopcion.cl\/index.php?rest_route=%2Fwp%2Fv2%2Fmedia&parent=26223"}],"wp:term":[{"taxonomy":"category","embeddable":true,"href":"http:\/\/www.lanuevaopcion.cl\/index.php?rest_route=%2Fwp%2Fv2%2Fcategories&post=26223"},{"taxonomy":"post_tag","embeddable":true,"href":"http:\/\/www.lanuevaopcion.cl\/index.php?rest_route=%2Fwp%2Fv2%2Ftags&post=26223"}],"curies":[{"name":"wp","href":"https:\/\/api.w.org\/{rel}","templated":true}]}}