{"id":26196,"date":"2020-09-10T11:50:21","date_gmt":"2020-09-10T11:50:21","guid":{"rendered":"http:\/\/www.lanuevaopcion.cl\/?p=26196"},"modified":"2020-09-10T11:50:21","modified_gmt":"2020-09-10T11:50:21","slug":"diputada-hoffmann-presento-querella-por-injurias-en-su-contra-en-redes-sociales","status":"publish","type":"post","link":"http:\/\/www.lanuevaopcion.cl\/?p=26196","title":{"rendered":"Diputada Hoffmann present\u00f3 querella por injurias en su contra en redes sociales"},"content":{"rendered":"<p><img loading=\"lazy\" decoding=\"async\"  alt=\"\" src=\"https:\/\/www.lacuarta.com\/wp-content\/uploads\/2020\/09\/A_UNO_1178969-1-390x293.jpg\" class=\"alignleft\" width=\"390\" height=\"293\" \/ class=\"alignleft\" style=\"margin-right:15px;margin-bottom:10px;float:left;\" ><br \/>\nProducto de diversos comentarios que ha recibido en redes sociales, la diputada Mar\u00eda Jos\u00e9 Hoffmann (UDI) present\u00f3 una querella por injurias en contra de quienes resulten responsables.<\/p>\n<p>\u00abEfectivamente, he presentado una querella por ataques y por amenazas en redes sociales. He decidido sin embargo no referirme a ella para no entorpecer la investigaci\u00f3n\u00bb, confirm\u00f3 la parlamentaria a T13.<br \/>\n<!--more--><br \/>\nDa\u00f1o<br \/>\nEn el escrito, Hoffmann identifica distintas cuentas de usuarios de redes sociales. Con esta informaci\u00f3n, solicit\u00f3 una investigaci\u00f3n a la Fiscal\u00eda.<\/p>\n<p>De acuerdo a la diputada, \u00abestas nuevas formas de violencia no son leg\u00edtimas y obviamente que da\u00f1an la democracia\u00bb.<\/p>\n<p>https:\/\/www.lacuarta.com\/cronica\/noticia\/diputada-hoffmann-injurias-redes\/543516\/<br \/>\nFUENTE. LA CUARTA.COM<br \/>\nMEDIO SOLO DIFUSI\u00d3N , SIN FIN DE LUCRO ALGUNO.<\/p>\n","protected":false},"excerpt":{"rendered":"<p>Producto de diversos comentarios que ha recibido en redes sociales, la diputada Mar\u00eda Jos\u00e9 Hoffmann (UDI) present\u00f3 una querella por injurias en contra de quienes resulten responsables. \u00abEfectivamente, he presentado una querella por ataques y por amenazas en redes sociales. He decidido sin embargo no referirme a ella para no entorpecer la investigaci\u00f3n\u00bb, confirm\u00f3 la [&hellip;]<\/p>\n","protected":false},"author":51,"featured_media":0,"comment_status":"open","ping_status":"open","sticky":false,"template":"","format":"standard","meta":{"footnotes":""},"categories":[8,4,16,30,1,11],"tags":[144],"class_list":["post-26196","post","type-post","status-publish","format-standard","hentry","category-cultura","category-economia","category-nacional","category-policial","category-uncategorized","category-tendencias","tag-diputados"],"_links":{"self":[{"href":"http:\/\/www.lanuevaopcion.cl\/index.php?rest_route=\/wp\/v2\/posts\/26196","targetHints":{"allow":["GET"]}}],"collection":[{"href":"http:\/\/www.lanuevaopcion.cl\/index.php?rest_route=\/wp\/v2\/posts"}],"about":[{"href":"http:\/\/www.lanuevaopcion.cl\/index.php?rest_route=\/wp\/v2\/types\/post"}],"author":[{"embeddable":true,"href":"http:\/\/www.lanuevaopcion.cl\/index.php?rest_route=\/wp\/v2\/users\/51"}],"replies":[{"embeddable":true,"href":"http:\/\/www.lanuevaopcion.cl\/index.php?rest_route=%2Fwp%2Fv2%2Fcomments&post=26196"}],"version-history":[{"count":1,"href":"http:\/\/www.lanuevaopcion.cl\/index.php?rest_route=\/wp\/v2\/posts\/26196\/revisions"}],"predecessor-version":[{"id":26197,"href":"http:\/\/www.lanuevaopcion.cl\/index.php?rest_route=\/wp\/v2\/posts\/26196\/revisions\/26197"}],"wp:attachment":[{"href":"http:\/\/www.lanuevaopcion.cl\/index.php?rest_route=%2Fwp%2Fv2%2Fmedia&parent=26196"}],"wp:term":[{"taxonomy":"category","embeddable":true,"href":"http:\/\/www.lanuevaopcion.cl\/index.php?rest_route=%2Fwp%2Fv2%2Fcategories&post=26196"},{"taxonomy":"post_tag","embeddable":true,"href":"http:\/\/www.lanuevaopcion.cl\/index.php?rest_route=%2Fwp%2Fv2%2Ftags&post=26196"}],"curies":[{"name":"wp","href":"https:\/\/api.w.org\/{rel}","templated":true}]}}