{"id":26177,"date":"2020-09-01T23:17:29","date_gmt":"2020-09-01T23:17:29","guid":{"rendered":"http:\/\/www.lanuevaopcion.cl\/?p=26177"},"modified":"2020-09-01T23:18:12","modified_gmt":"2020-09-01T23:18:12","slug":"ivan-moreira-amenaza-con-renunciar-a-la-udi-si-es-que-el-partido-define-votar-%c2%abapruebo%c2%bb","status":"publish","type":"post","link":"http:\/\/www.lanuevaopcion.cl\/?p=26177","title":{"rendered":"Iv\u00e1n Moreira amenaza con renunciar a la UDI si es que el partido define votar \u00abApruebo\u00bb"},"content":{"rendered":"<p><img loading=\"lazy\" decoding=\"async\"  alt=\"\" src=\"https:\/\/www.lacuarta.com\/wp-content\/uploads\/2020\/07\/Sesion-del-Senado.-22_-7195165-390x293.jpg\" class=\"alignleft\" width=\"390\" height=\"293\" \/ class=\"alignleft\" style=\"margin-right:15px;margin-bottom:10px;float:left;\" ><br \/>\nA trav\u00e9s de un video difundido por sus redes sociales, el senador UDI Iv\u00e1n Moreira anunci\u00f3 que renunciara a su partido, en caso de que este se incline por votar \u00abApruebo\u00bb en vez de \u00abRechazo\u00bb en el Plebiscito del pr\u00f3ximo 25 de octubre.<\/p>\n<p>Su declaraci\u00f3n se da justo despu\u00e9s de la reaparici\u00f3n de Pablo Longueira, quien apoy\u00f3 el cambio de Constituci\u00f3n y se present\u00f3 como opci\u00f3n para ser candidato a la presidencia de la colectividad.<br \/>\n<!--more--><br \/>\nAnuncio del senador<br \/>\n\u00abAnte el escenario planteado por Pablo Longueira, y la debilidad de algunos dirigentes del partido de instancias internas del mismo, y la sensaci\u00f3n t\u00e9rmica que se ha generado en torno a abrirse  a una posible discusi\u00f3n sobre un cambio de opini\u00f3n con respecto al Plebiscito, yo he querido fijar mi posici\u00f3n al respecto con mucha claridad\u00bb, comenz\u00f3 diciendo. Moreira.<\/p>\n<p>\u00abPor consecuencia con mis convicciones, principios y mi trayectoria pol\u00edtica de toda una vida, si la UDI a \u00faltima hora decide darse una voltereta en el Plebiscito y llama a votar por el \u00abApruebo\u00bb despu\u00e9s de un acuerdo tomado en el consejo general de la UDI que decidi\u00f3 por el \u00abRechazo\u00bb, la verdad es que en lo personal yo no tengo m\u00e1s opci\u00f3n, que si eso ocurre, renuncio a mi partido por m\u00e1s de 30 a\u00f1os de militancia\u00bb, cerr\u00f3.<\/p>\n<p>https:\/\/www.lacuarta.com\/cronica\/noticia\/ivan-moreira-udi\/540597\/<br \/>\nFUENTE. LA CUARTA.COM<br \/>\nMEDIO SOLO DE DIFUSION, SIN FIN DE LUCRO ALGUNO .!!<\/p>\n","protected":false},"excerpt":{"rendered":"<p>A trav\u00e9s de un video difundido por sus redes sociales, el senador UDI Iv\u00e1n Moreira anunci\u00f3 que renunciara a su partido, en caso de que este se incline por votar \u00abApruebo\u00bb en vez de \u00abRechazo\u00bb en el Plebiscito del pr\u00f3ximo 25 de octubre. Su declaraci\u00f3n se da justo despu\u00e9s de la reaparici\u00f3n de Pablo Longueira, [&hellip;]<\/p>\n","protected":false},"author":51,"featured_media":0,"comment_status":"open","ping_status":"open","sticky":false,"template":"","format":"standard","meta":{"footnotes":""},"categories":[8,4,16,1,31,11],"tags":[576,440],"class_list":["post-26177","post","type-post","status-publish","format-standard","hentry","category-cultura","category-economia","category-nacional","category-uncategorized","category-salud","category-tendencias","tag-plebiscito-constitucional","tag-udi"],"_links":{"self":[{"href":"http:\/\/www.lanuevaopcion.cl\/index.php?rest_route=\/wp\/v2\/posts\/26177","targetHints":{"allow":["GET"]}}],"collection":[{"href":"http:\/\/www.lanuevaopcion.cl\/index.php?rest_route=\/wp\/v2\/posts"}],"about":[{"href":"http:\/\/www.lanuevaopcion.cl\/index.php?rest_route=\/wp\/v2\/types\/post"}],"author":[{"embeddable":true,"href":"http:\/\/www.lanuevaopcion.cl\/index.php?rest_route=\/wp\/v2\/users\/51"}],"replies":[{"embeddable":true,"href":"http:\/\/www.lanuevaopcion.cl\/index.php?rest_route=%2Fwp%2Fv2%2Fcomments&post=26177"}],"version-history":[{"count":2,"href":"http:\/\/www.lanuevaopcion.cl\/index.php?rest_route=\/wp\/v2\/posts\/26177\/revisions"}],"predecessor-version":[{"id":26179,"href":"http:\/\/www.lanuevaopcion.cl\/index.php?rest_route=\/wp\/v2\/posts\/26177\/revisions\/26179"}],"wp:attachment":[{"href":"http:\/\/www.lanuevaopcion.cl\/index.php?rest_route=%2Fwp%2Fv2%2Fmedia&parent=26177"}],"wp:term":[{"taxonomy":"category","embeddable":true,"href":"http:\/\/www.lanuevaopcion.cl\/index.php?rest_route=%2Fwp%2Fv2%2Fcategories&post=26177"},{"taxonomy":"post_tag","embeddable":true,"href":"http:\/\/www.lanuevaopcion.cl\/index.php?rest_route=%2Fwp%2Fv2%2Ftags&post=26177"}],"curies":[{"name":"wp","href":"https:\/\/api.w.org\/{rel}","templated":true}]}}