{"id":26175,"date":"2020-08-31T21:25:33","date_gmt":"2020-08-31T21:25:33","guid":{"rendered":"http:\/\/www.lanuevaopcion.cl\/?p=26175"},"modified":"2020-08-31T21:25:33","modified_gmt":"2020-08-31T21:25:33","slug":"confirman-quinto-y-sexto-pago-del-ingreso-familiar-de-emergencia","status":"publish","type":"post","link":"http:\/\/www.lanuevaopcion.cl\/?p=26175","title":{"rendered":"Confirman quinto y sexto pago del Ingreso Familiar de Emergencia"},"content":{"rendered":"<p><img loading=\"lazy\" decoding=\"async\"  alt=\"\" src=\"https:\/\/www.lacuarta.com\/wp-content\/uploads\/2020\/04\/Dinero-6090963-390x293.jpg\" class=\"alignleft\" width=\"390\" height=\"293\" \/ class=\"alignleft\" style=\"margin-right:15px;margin-bottom:10px;float:left;\" ><br \/>\nDurante la ma\u00f1ana de este lunes, la ministra de Desarrollo Social, Karla Rubilar, confirm\u00f3 el quinto y sexto pago del Ingreso Familiar de Emergencia (IFE).<\/p>\n<p>La semana, la secretaria de Estado ya hab\u00eda hecho un anuncio similar, aunque posteriormente el ministro de Hacienda, Ignacio Briones, expuso que los pagos no eran un \u00abdecisi\u00f3n tomada\u00bb.<\/p>\n<p><!--more--> <\/p>\n<p>M\u00c1S SOBRE DINERO<br \/>\nBono Clase Media: hoy termina el plazo para postular a los $500 mil31 AGO 2020<br \/>\nRetiro de fondos: 90% de quienes han efectuado solicitudes ya han recibido el pago28 AGO 2020<br \/>\nEn entrevista con 24 Horas, la ex vocera de Gobierno aclar\u00f3 que \u00abno hay problemas\u00bb con el ministro Briones, reiterando que se concretar\u00e1n dos entregas m\u00e1s de dinero.<\/p>\n<p>Respecto al porcentaje que tendr\u00e1 el pago, adem\u00e1s de su alcance, Rubilar adelant\u00f3 que \u00abesto lo determinar\u00e1 el Presidente dependiendo de la tasa de desempleo y el avance de la pandemia\u00bb.<\/p>\n<p>Requisitos<br \/>\nPara acceder al IFE, debe pertenecer a uno de los siguientes grupos:<\/p>\n<p>PUBLICIDAD<\/p>\n<p>Grupo 1, pueden acceder al 100% del beneficio si cumplen con los siguientes requisitos:<\/p>\n<p>Estar inscrito en el Registro Social de Hogares.<br \/>\nQue todos los integrantes mayores de edad del hogar no tengan ingresos formales.<br \/>\nGrupo 2, pueden acceder al beneficio si:<\/p>\n<p>Estar inscrito en el Registro Social de Hogares.<br \/>\nLos integrantes mayores de edad perciben ingresos principalmente informales, y sus ingresos formales no superan el aporte 2 que recibir\u00eda el hogar si estuviera en el primer grupo.<br \/>\nGrupo 3, pueden acceder al cuarto pago si:<\/p>\n<p>Estar inscrito en el Registro Social de Hogares.<br \/>\nSu hogar se encuentra compuesto por una o m\u00e1s personas que tengan 65 a\u00f1os o m\u00e1s de edad, y sean beneficiarias de la Pensi\u00f3n B\u00e1sica Solidaria de Vejez (PBSV) o que al menos uno o una de sus integrantes reciba la Pensi\u00f3n B\u00e1sica Solidaria de Invalidez (PBSI) o que al menos uno o una de sus integrantes sean beneficiarios del Aporte Previsional Solidario de Vejez (APSV) o de Invalidez (APSI) siempre que la pensi\u00f3n final que reciban (incluyendo al aporte), sea igual o inferior a lo que reciben los beneficiarios de la PBS del mismo tramo de edad.<br \/>\nhttps:\/\/www.lacuarta.com\/cronica\/noticia\/sexto-ingreso-familiar-emergencia\/540048\/<br \/>\nFUENTE. LA CUARTA.COM<br \/>\nMEDIO SOLO COMO DIFUSI\u00d3N SIN FIN DE LUCRO ALGUNO <\/p>\n","protected":false},"excerpt":{"rendered":"<p>Durante la ma\u00f1ana de este lunes, la ministra de Desarrollo Social, Karla Rubilar, confirm\u00f3 el quinto y sexto pago del Ingreso Familiar de Emergencia (IFE). La semana, la secretaria de Estado ya hab\u00eda hecho un anuncio similar, aunque posteriormente el ministro de Hacienda, Ignacio Briones, expuso que los pagos no eran un \u00abdecisi\u00f3n tomada\u00bb.<\/p>\n","protected":false},"author":51,"featured_media":0,"comment_status":"open","ping_status":"open","sticky":false,"template":"","format":"standard","meta":{"footnotes":""},"categories":[4,16,1,31,11],"tags":[535,545],"class_list":["post-26175","post","type-post","status-publish","format-standard","hentry","category-economia","category-nacional","category-uncategorized","category-salud","category-tendencias","tag-covid-19","tag-ingreso-familiar-de-emergencia"],"_links":{"self":[{"href":"http:\/\/www.lanuevaopcion.cl\/index.php?rest_route=\/wp\/v2\/posts\/26175","targetHints":{"allow":["GET"]}}],"collection":[{"href":"http:\/\/www.lanuevaopcion.cl\/index.php?rest_route=\/wp\/v2\/posts"}],"about":[{"href":"http:\/\/www.lanuevaopcion.cl\/index.php?rest_route=\/wp\/v2\/types\/post"}],"author":[{"embeddable":true,"href":"http:\/\/www.lanuevaopcion.cl\/index.php?rest_route=\/wp\/v2\/users\/51"}],"replies":[{"embeddable":true,"href":"http:\/\/www.lanuevaopcion.cl\/index.php?rest_route=%2Fwp%2Fv2%2Fcomments&post=26175"}],"version-history":[{"count":1,"href":"http:\/\/www.lanuevaopcion.cl\/index.php?rest_route=\/wp\/v2\/posts\/26175\/revisions"}],"predecessor-version":[{"id":26176,"href":"http:\/\/www.lanuevaopcion.cl\/index.php?rest_route=\/wp\/v2\/posts\/26175\/revisions\/26176"}],"wp:attachment":[{"href":"http:\/\/www.lanuevaopcion.cl\/index.php?rest_route=%2Fwp%2Fv2%2Fmedia&parent=26175"}],"wp:term":[{"taxonomy":"category","embeddable":true,"href":"http:\/\/www.lanuevaopcion.cl\/index.php?rest_route=%2Fwp%2Fv2%2Fcategories&post=26175"},{"taxonomy":"post_tag","embeddable":true,"href":"http:\/\/www.lanuevaopcion.cl\/index.php?rest_route=%2Fwp%2Fv2%2Ftags&post=26175"}],"curies":[{"name":"wp","href":"https:\/\/api.w.org\/{rel}","templated":true}]}}