{"id":26171,"date":"2020-08-28T19:38:56","date_gmt":"2020-08-28T19:38:56","guid":{"rendered":"http:\/\/www.lanuevaopcion.cl\/?p=26171"},"modified":"2020-08-28T19:40:09","modified_gmt":"2020-08-28T19:40:09","slug":"lastesis-sacaron-la-voz-por-norma-vasquez","status":"publish","type":"post","link":"http:\/\/www.lanuevaopcion.cl\/?p=26171","title":{"rendered":"LasTesis sacaron la voz por Norma V\u00e1squez"},"content":{"rendered":"<p><img loading=\"lazy\" decoding=\"async\"  alt=\"\" src=\"https:\/\/www.lacuarta.com\/wp-content\/uploads\/2020\/08\/VALPARAISO_-Marcha-Fem-7558594-390x293.jpg\" class=\"alignleft\" width=\"390\" height=\"293\" \/ class=\"alignleft\" style=\"margin-right:15px;margin-bottom:10px;float:left;\" ><br \/>\nEl colectivo feminista LasTesis realiz\u00f3 una declaraci\u00f3n p\u00fablica, a trav\u00e9s de redes sociales, en relaci\u00f3n al femicidio de la carabinera Norma V\u00e1squez. Hay que recordar que la mujer fue encontrada muerta el s\u00e1bado pasado en el maletero de un auto estacionado en un motel de Linares, y por el cual fue formalizado el ex oficial, Gary Valenzuela.<br \/>\n<!--more--><br \/>\nLa publicaci\u00f3n fue hecha en Instagram, y se\u00f1ala que \u201cpara quienes piensan que nos alegra el femicidio de Norma V\u00e1squez \u00bfDe verdad creen que utilizar\u00edamos los recursos tan nocivos del patriarcado en contra de nosotras mismas? \u00bfDe verdad creen que caeremos tan f\u00e1cilmente en la trampa mis\u00f3gina de atacar a otras mujeres cuando son asesinadas, en vez de responsabilizar a qui\u00e9n corresponde?\u201d.<\/p>\n<p>Para luego argumentar que \u201cninguna mujer merece morir por violencia de g\u00e9nero. Ninguna de nosotras merece ser encontrada en un maletero. Dejen de atacar a las feministas, de desacreditar, buscar generar conflicto s\u00f3lo porque ustedes son lo suficientemente pencas como para alegrarse por la muerte de alguien\u201d.<\/p>\n<p>M\u00c1S SOBRE FEMICIDIO<br \/>\nLos antecedentes que se revelaron en formalizaci\u00f3n de Gary Valenzuela27 AGO 2020<br \/>\nVecinas de \u00c1mbar pidieron justicia con estremecedor minuto de silencio7 AGO 2020<br \/>\nLa declaraci\u00f3n fue realizada un d\u00eda despu\u00e9s de que el ex uniformado imputado por el crimen, Gary Valenzuela, quedara en prisi\u00f3n preventiva tras su formalizaci\u00f3n.<\/p>\n<p>Reacciones<br \/>\nCaro Contreras, del colectivo Mujeres por Linares, grupo que comenz\u00f3 a activarse ese mismo s\u00e1bado con la familia y conocidos de Norma V\u00e1squez, se\u00f1al\u00f3 sobre la declaraci\u00f3n de LasTesis, que \u201cla sororidad nuestra no se tranza. Eso no quita que mantengamos la cr\u00edtica sobre la instituci\u00f3n de Carabineros, que guard\u00f3 silencio c\u00f3mplice con un sujeto (imputado) que ten\u00eda varios sumarios administrativos y situaciones que se han sabido ahora\u201d.<\/p>\n<p>https:\/\/www.lacuarta.com\/cronica\/noticia\/lastesis-sacaron-la-voz-norma-vasquez\/539281\/<br \/>\nFUENTE. LA CUARTA.COM<br \/>\nMEDIO DE DIFUSI\u00d3N, SIN FIN DE LUCRO ALGUNO. <\/p>\n","protected":false},"excerpt":{"rendered":"<p>El colectivo feminista LasTesis realiz\u00f3 una declaraci\u00f3n p\u00fablica, a trav\u00e9s de redes sociales, en relaci\u00f3n al femicidio de la carabinera Norma V\u00e1squez. Hay que recordar que la mujer fue encontrada muerta el s\u00e1bado pasado en el maletero de un auto estacionado en un motel de Linares, y por el cual fue formalizado el ex oficial, [&hellip;]<\/p>\n","protected":false},"author":51,"featured_media":0,"comment_status":"open","ping_status":"open","sticky":false,"template":"","format":"standard","meta":{"footnotes":""},"categories":[8,4,9,16,31,11],"tags":[598],"class_list":["post-26171","post","type-post","status-publish","format-standard","hentry","category-cultura","category-economia","category-educacion","category-nacional","category-salud","category-tendencias","tag-actualidad"],"_links":{"self":[{"href":"http:\/\/www.lanuevaopcion.cl\/index.php?rest_route=\/wp\/v2\/posts\/26171","targetHints":{"allow":["GET"]}}],"collection":[{"href":"http:\/\/www.lanuevaopcion.cl\/index.php?rest_route=\/wp\/v2\/posts"}],"about":[{"href":"http:\/\/www.lanuevaopcion.cl\/index.php?rest_route=\/wp\/v2\/types\/post"}],"author":[{"embeddable":true,"href":"http:\/\/www.lanuevaopcion.cl\/index.php?rest_route=\/wp\/v2\/users\/51"}],"replies":[{"embeddable":true,"href":"http:\/\/www.lanuevaopcion.cl\/index.php?rest_route=%2Fwp%2Fv2%2Fcomments&post=26171"}],"version-history":[{"count":3,"href":"http:\/\/www.lanuevaopcion.cl\/index.php?rest_route=\/wp\/v2\/posts\/26171\/revisions"}],"predecessor-version":[{"id":26173,"href":"http:\/\/www.lanuevaopcion.cl\/index.php?rest_route=\/wp\/v2\/posts\/26171\/revisions\/26173"}],"wp:attachment":[{"href":"http:\/\/www.lanuevaopcion.cl\/index.php?rest_route=%2Fwp%2Fv2%2Fmedia&parent=26171"}],"wp:term":[{"taxonomy":"category","embeddable":true,"href":"http:\/\/www.lanuevaopcion.cl\/index.php?rest_route=%2Fwp%2Fv2%2Fcategories&post=26171"},{"taxonomy":"post_tag","embeddable":true,"href":"http:\/\/www.lanuevaopcion.cl\/index.php?rest_route=%2Fwp%2Fv2%2Ftags&post=26171"}],"curies":[{"name":"wp","href":"https:\/\/api.w.org\/{rel}","templated":true}]}}