{"id":26169,"date":"2020-08-27T18:41:18","date_gmt":"2020-08-27T18:41:18","guid":{"rendered":"http:\/\/www.lanuevaopcion.cl\/?p=26169"},"modified":"2020-08-27T18:41:18","modified_gmt":"2020-08-27T18:41:18","slug":"%c2%aben-patota-te-vamos-a%e2%80%a6%c2%bb-registran-fuerte-amenaza-de-camionero-a-colega-que-no-se-sumo-a-paro","status":"publish","type":"post","link":"http:\/\/www.lanuevaopcion.cl\/?p=26169","title":{"rendered":"\u00abEn patota te vamos a\u2026\u00bb: registran fuerte amenaza de camionero a colega que no se sum\u00f3 a paro"},"content":{"rendered":"<p><img loading=\"lazy\" decoding=\"async\"  alt=\"\" src=\"https:\/\/www.lacuarta.com\/wp-content\/uploads\/2020\/08\/amenaza-camionero-390x293.jpg\" class=\"alignleft\" width=\"390\" height=\"293\" \/ class=\"alignleft\" style=\"margin-right:15px;margin-bottom:10px;float:left;\" ><br \/>\nLo prometido se cumpli\u00f3. Este jueves se inici\u00f3 el paro anunciado por el gremio de camioneros, en reclamo de la falta de seguridad en las rutas, espec\u00edficamente en la zona en conflicto de La Araucan\u00eda.<\/p>\n<p>En esa l\u00ednea, decenas de camiones se apostaron en la Ruta 68 para cortar una buena parte del tr\u00e1nsito, dejando solo una v\u00eda para la libre circulaci\u00f3n de autos.<br \/>\n<!--more--><br \/>\nSin embargo, los transportistas en huelga fueron parando a cada cami\u00f3n que pasara por la ruta y que no se adhirieran a la paralizaci\u00f3n, generando tensi\u00f3n en algunos momentos.<\/p>\n<p>Una de esas situaciones fue captada por Agencia Uno, que subi\u00f3 un video a su cuenta de twitter, donde se puede observar la amenaza de un camionero a otro colega por no sumarse a la movilizaci\u00f3n.<\/p>\n<p>\u00abEsc\u00fachame. Si t\u00fa segu\u00eds pa\u2019 all\u00e1, vamos a pescar la camioneta y en patota te vamos a hacer mierda, \u00bfme escuchas?\u00bb, se\u00f1ala la amenaza.<br \/>\nhttps:\/\/www.lacuarta.com\/cronica\/noticia\/registran-amenaza-camionero\/538999\/<br \/>\nFUENTE. LA CUARTA.COM<br \/>\nMEDIO SOLO DIFUSION SIN FIN DE LUCRO <\/p>\n","protected":false},"excerpt":{"rendered":"<p>Lo prometido se cumpli\u00f3. Este jueves se inici\u00f3 el paro anunciado por el gremio de camioneros, en reclamo de la falta de seguridad en las rutas, espec\u00edficamente en la zona en conflicto de La Araucan\u00eda. En esa l\u00ednea, decenas de camiones se apostaron en la Ruta 68 para cortar una buena parte del tr\u00e1nsito, dejando [&hellip;]<\/p>\n","protected":false},"author":51,"featured_media":0,"comment_status":"open","ping_status":"open","sticky":false,"template":"","format":"standard","meta":{"footnotes":""},"categories":[8,4,16,30,1,11],"tags":[597],"class_list":["post-26169","post","type-post","status-publish","format-standard","hentry","category-cultura","category-economia","category-nacional","category-policial","category-uncategorized","category-tendencias","tag-paro-comioneros"],"_links":{"self":[{"href":"http:\/\/www.lanuevaopcion.cl\/index.php?rest_route=\/wp\/v2\/posts\/26169","targetHints":{"allow":["GET"]}}],"collection":[{"href":"http:\/\/www.lanuevaopcion.cl\/index.php?rest_route=\/wp\/v2\/posts"}],"about":[{"href":"http:\/\/www.lanuevaopcion.cl\/index.php?rest_route=\/wp\/v2\/types\/post"}],"author":[{"embeddable":true,"href":"http:\/\/www.lanuevaopcion.cl\/index.php?rest_route=\/wp\/v2\/users\/51"}],"replies":[{"embeddable":true,"href":"http:\/\/www.lanuevaopcion.cl\/index.php?rest_route=%2Fwp%2Fv2%2Fcomments&post=26169"}],"version-history":[{"count":1,"href":"http:\/\/www.lanuevaopcion.cl\/index.php?rest_route=\/wp\/v2\/posts\/26169\/revisions"}],"predecessor-version":[{"id":26170,"href":"http:\/\/www.lanuevaopcion.cl\/index.php?rest_route=\/wp\/v2\/posts\/26169\/revisions\/26170"}],"wp:attachment":[{"href":"http:\/\/www.lanuevaopcion.cl\/index.php?rest_route=%2Fwp%2Fv2%2Fmedia&parent=26169"}],"wp:term":[{"taxonomy":"category","embeddable":true,"href":"http:\/\/www.lanuevaopcion.cl\/index.php?rest_route=%2Fwp%2Fv2%2Fcategories&post=26169"},{"taxonomy":"post_tag","embeddable":true,"href":"http:\/\/www.lanuevaopcion.cl\/index.php?rest_route=%2Fwp%2Fv2%2Ftags&post=26169"}],"curies":[{"name":"wp","href":"https:\/\/api.w.org\/{rel}","templated":true}]}}