{"id":26166,"date":"2020-08-26T05:29:38","date_gmt":"2020-08-26T05:29:38","guid":{"rendered":"http:\/\/www.lanuevaopcion.cl\/?p=26166"},"modified":"2020-08-26T05:31:01","modified_gmt":"2020-08-26T05:31:01","slug":"requisitos-y-plazos-%c2%bfcomo-acceder-al-cuarto-pago-del-ingreso-familiar-de-emergencia","status":"publish","type":"post","link":"http:\/\/www.lanuevaopcion.cl\/?p=26166","title":{"rendered":"Requisitos y plazos: \u00bfc\u00f3mo acceder al cuarto pago del Ingreso Familiar de Emergencia?"},"content":{"rendered":"<p><img loading=\"lazy\" decoding=\"async\"  alt=\"\" src=\"https:\/\/www.lacuarta.com\/wp-content\/uploads\/2020\/07\/Dinero-7226-390x293.jpeg\" class=\"alignleft\" width=\"390\" height=\"293\" \/ class=\"alignleft\" style=\"margin-right:15px;margin-bottom:10px;float:left;\" ><br \/>\nEste martes, la ministra de Desarrollo Social, Karla Rubilar, anunci\u00f3 el cuarto pago del Ingreso Familiar de Emergencia (IFE).<\/p>\n<p>\u00abSabemos que durante la pandemia hay muchas familias que lo han pasado mal y han requerido un apoyo del Estado\u00bb, asegur\u00f3 la ex vocera de Gobierno.<\/p>\n<p>Desde La Moneda, Rubilar destac\u00f3 que este nuevo pago del beneficio, que se concretar\u00e1 el jueves 27 de agosto, ser\u00e1 al 100%.<\/p>\n<p><!--more--><br \/>\nAdem\u00e1s, la secretaria de Estado especific\u00f3 que \u00abello significa que cada una de las familias que no tengan ingresos podr\u00e1n recibir hasta $100 mil por integrante\u00bb.<\/p>\n<p>Seg\u00fan destac\u00f3 la ministra, el plazo para postular al cuarto pago del IFE se extiende hasta el pr\u00f3ximo 7 de septiembre.<\/p>\n<p>Requisitos<br \/>\nGrupo 1, pueden acceder al 100% del beneficio si cumplen con los siguientes requisitos:<\/p>\n<p>Estar inscrito en el Registro Social de Hogares.<br \/>\nQue todos los integrantes mayores de edad del hogar no tengan ingresos formales.<br \/>\nGrupo 2, pueden acceder al beneficio si:<\/p>\n<p>Estar inscrito en el Registro Social de Hogares.<br \/>\nLos integrantes mayores de edad perciben ingresos principalmente informales, y sus ingresos formales no superan el aporte 2 que recibir\u00eda el hogar si estuviera en el primer grupo.<br \/>\nGrupo 3, pueden acceder al cuarto pago si:<\/p>\n<p>Estar inscrito en el Registro Social de Hogares.<br \/>\nSu hogar se encuentra compuesto por una o m\u00e1s personas que tengan 65 a\u00f1os o m\u00e1s de edad, y sean beneficiarias de la Pensi\u00f3n B\u00e1sica Solidaria de Vejez (PBSV) o que al menos uno o una de sus integrantes reciba la Pensi\u00f3n B\u00e1sica Solidaria de Invalidez (PBSI) o que al menos uno o una de sus integrantes sean beneficiarios del Aporte Previsional Solidario de Vejez (APSV) o de Invalidez (APSI) siempre que la pensi\u00f3n final que reciban (incluyendo al aporte), sea igual o inferior a lo que reciben los beneficiarios de la PBS del mismo tramo de edad.<br \/>\nFechas de pago:<br \/>\n27 de agosto: fin del plazo legal para acceder al pago del aporte 3 y se comienza el pago del 4\u00b0 aporte.<br \/>\nAcceso a pagos<br \/>\nTendr\u00e1n acceso a los cuatro pagos, los hogares que cumplen con los requisitos y que solicitaron el ingreso al RSH antes del 30 de mayo.<br \/>\nPodr\u00e1n recibir el 2\u00ba, 3\u00ba y 4\u00ba pago, aquellos hogares que cumplen con los requisitos y solicitaron el ingreso al RSH entre el 31 de mayo y el 9 de julio.<br \/>\nAcceder\u00e1n al 3\u00ba y 4\u00ba pago, los hogares que cumplen con los requisitos y solicitaron el ingreso al RSH entre el 10 de julio y el 8 de agosto.<br \/>\nTendr\u00e1n acceso solo al cuarto pago los hogares que cumplen con los requisitos y solicitaron ingreso a RSH entre el 9 de agosto y el 7 de septiembre.<br \/>\nPara postular ingreso a www.ingresodeemergencia.cl.<\/p>\n<p>https:\/\/www.lacuarta.com\/cronica\/noticia\/como-ingreso-familiar-emergencia\/538396\/<br \/>\nFUENTE. LA CUARTA.COM<br \/>\nMEDIO DE DIFUSI\u00d3N , SIN FIN DE LUCRO ALGUNO. <\/p>\n","protected":false},"excerpt":{"rendered":"<p>Este martes, la ministra de Desarrollo Social, Karla Rubilar, anunci\u00f3 el cuarto pago del Ingreso Familiar de Emergencia (IFE). \u00abSabemos que durante la pandemia hay muchas familias que lo han pasado mal y han requerido un apoyo del Estado\u00bb, asegur\u00f3 la ex vocera de Gobierno. Desde La Moneda, Rubilar destac\u00f3 que este nuevo pago del [&hellip;]<\/p>\n","protected":false},"author":51,"featured_media":0,"comment_status":"open","ping_status":"open","sticky":false,"template":"","format":"standard","meta":{"footnotes":""},"categories":[8,4,9,16,1,31,11],"tags":[535,545],"class_list":["post-26166","post","type-post","status-publish","format-standard","hentry","category-cultura","category-economia","category-educacion","category-nacional","category-uncategorized","category-salud","category-tendencias","tag-covid-19","tag-ingreso-familiar-de-emergencia"],"_links":{"self":[{"href":"http:\/\/www.lanuevaopcion.cl\/index.php?rest_route=\/wp\/v2\/posts\/26166","targetHints":{"allow":["GET"]}}],"collection":[{"href":"http:\/\/www.lanuevaopcion.cl\/index.php?rest_route=\/wp\/v2\/posts"}],"about":[{"href":"http:\/\/www.lanuevaopcion.cl\/index.php?rest_route=\/wp\/v2\/types\/post"}],"author":[{"embeddable":true,"href":"http:\/\/www.lanuevaopcion.cl\/index.php?rest_route=\/wp\/v2\/users\/51"}],"replies":[{"embeddable":true,"href":"http:\/\/www.lanuevaopcion.cl\/index.php?rest_route=%2Fwp%2Fv2%2Fcomments&post=26166"}],"version-history":[{"count":2,"href":"http:\/\/www.lanuevaopcion.cl\/index.php?rest_route=\/wp\/v2\/posts\/26166\/revisions"}],"predecessor-version":[{"id":26168,"href":"http:\/\/www.lanuevaopcion.cl\/index.php?rest_route=\/wp\/v2\/posts\/26166\/revisions\/26168"}],"wp:attachment":[{"href":"http:\/\/www.lanuevaopcion.cl\/index.php?rest_route=%2Fwp%2Fv2%2Fmedia&parent=26166"}],"wp:term":[{"taxonomy":"category","embeddable":true,"href":"http:\/\/www.lanuevaopcion.cl\/index.php?rest_route=%2Fwp%2Fv2%2Fcategories&post=26166"},{"taxonomy":"post_tag","embeddable":true,"href":"http:\/\/www.lanuevaopcion.cl\/index.php?rest_route=%2Fwp%2Fv2%2Ftags&post=26166"}],"curies":[{"name":"wp","href":"https:\/\/api.w.org\/{rel}","templated":true}]}}