{"id":26162,"date":"2020-08-21T19:01:11","date_gmt":"2020-08-21T19:01:11","guid":{"rendered":"http:\/\/www.lanuevaopcion.cl\/?p=26162"},"modified":"2020-08-21T19:01:11","modified_gmt":"2020-08-21T19:01:11","slug":"gendarme-que-custodia-a-nano-calderon-acusa-de-agresion-a-abogado-defensor","status":"publish","type":"post","link":"http:\/\/www.lanuevaopcion.cl\/?p=26162","title":{"rendered":"Gendarme que custodia a Nano Calder\u00f3n acusa de agresi\u00f3n a abogado defensor"},"content":{"rendered":"<p><img loading=\"lazy\" decoding=\"async\"  alt=\"\" src=\"https:\/\/www.lacuarta.com\/wp-content\/uploads\/2020\/08\/A_UNO_12066001-390x293.jpg\" class=\"alignleft\" width=\"390\" height=\"293\" \/ class=\"alignleft\" style=\"margin-right:15px;margin-bottom:10px;float:left;\" ><br \/>\nUn nuevo episodio controvertido se registr\u00f3 ayer vinculado al caso de Nano Calder\u00f3n. Uno de los gendarmes que custodia a Nano en la cl\u00ednica Los Cedros present\u00f3 una denuncia por agresi\u00f3n contra uno de sus abogados defensor, Mario Vargas.<\/p>\n<p>Seg\u00fan fuentes de LaCuarta.com, el episodio se registr\u00f3 a eso de las 15 horas de este jueves. El abogado se present\u00f3 en \u00e9l centro m\u00e9dico para visitar a Calder\u00f3n Argando\u00f1a. Vargas present\u00f3 como abogado ante los gendarmes y habr\u00eda ingresado a la habitaci\u00f3n de su defendido, quien se encuentra en el piso menos 1 del recinto.<br \/>\n<!--more--><br \/>\nTenso ambiente<br \/>\nUna vez adentro habr\u00eda comenzado a tomar fotograf\u00edas. En medio el tenso ambiente producido tras las denuncias de vej\u00e1menes contra el detenido, se habr\u00eda producido un forcejeo cuando el abogado, seg\u00fan se denuncia, habr\u00eda intentado sacar a los gendarmes de la habitaci\u00f3n.<\/p>\n<p>Producto de los empujones, uno de los custodios habr\u00eda perdido el equilibrio y se habr\u00eda golpeado contra una de las paredes. La denuncia consignar\u00eda la existencia de tres testigos del episodio: dos gendarmes y una asistente de la cl\u00ednica.<\/p>\n<p>El fiscal del caso ya habl\u00f3 v\u00eda telef\u00f3nica con los dos uniformados que habr\u00edan presenciado los hechos, quienes le ratificaron la denuncia.<\/p>\n<p>https:\/\/www.lacuarta.com\/cronica\/noticia\/gendarme-abogado-nano-calderon\/536827\/<br \/>\nFUENTE. LA CUARTA.COM<br \/>\nMEDIO SOLO DE DIFUSION SIN FIN DE LUCRO ALGUNO <\/p>\n","protected":false},"excerpt":{"rendered":"<p>Un nuevo episodio controvertido se registr\u00f3 ayer vinculado al caso de Nano Calder\u00f3n. Uno de los gendarmes que custodia a Nano en la cl\u00ednica Los Cedros present\u00f3 una denuncia por agresi\u00f3n contra uno de sus abogados defensor, Mario Vargas. Seg\u00fan fuentes de LaCuarta.com, el episodio se registr\u00f3 a eso de las 15 horas de este [&hellip;]<\/p>\n","protected":false},"author":51,"featured_media":0,"comment_status":"open","ping_status":"open","sticky":false,"template":"","format":"standard","meta":{"footnotes":""},"categories":[8,16,30,31,11],"tags":[535,79],"class_list":["post-26162","post","type-post","status-publish","format-standard","hentry","category-cultura","category-nacional","category-policial","category-salud","category-tendencias","tag-covid-19","tag-gendarmeria"],"_links":{"self":[{"href":"http:\/\/www.lanuevaopcion.cl\/index.php?rest_route=\/wp\/v2\/posts\/26162","targetHints":{"allow":["GET"]}}],"collection":[{"href":"http:\/\/www.lanuevaopcion.cl\/index.php?rest_route=\/wp\/v2\/posts"}],"about":[{"href":"http:\/\/www.lanuevaopcion.cl\/index.php?rest_route=\/wp\/v2\/types\/post"}],"author":[{"embeddable":true,"href":"http:\/\/www.lanuevaopcion.cl\/index.php?rest_route=\/wp\/v2\/users\/51"}],"replies":[{"embeddable":true,"href":"http:\/\/www.lanuevaopcion.cl\/index.php?rest_route=%2Fwp%2Fv2%2Fcomments&post=26162"}],"version-history":[{"count":1,"href":"http:\/\/www.lanuevaopcion.cl\/index.php?rest_route=\/wp\/v2\/posts\/26162\/revisions"}],"predecessor-version":[{"id":26163,"href":"http:\/\/www.lanuevaopcion.cl\/index.php?rest_route=\/wp\/v2\/posts\/26162\/revisions\/26163"}],"wp:attachment":[{"href":"http:\/\/www.lanuevaopcion.cl\/index.php?rest_route=%2Fwp%2Fv2%2Fmedia&parent=26162"}],"wp:term":[{"taxonomy":"category","embeddable":true,"href":"http:\/\/www.lanuevaopcion.cl\/index.php?rest_route=%2Fwp%2Fv2%2Fcategories&post=26162"},{"taxonomy":"post_tag","embeddable":true,"href":"http:\/\/www.lanuevaopcion.cl\/index.php?rest_route=%2Fwp%2Fv2%2Ftags&post=26162"}],"curies":[{"name":"wp","href":"https:\/\/api.w.org\/{rel}","templated":true}]}}