{"id":26160,"date":"2020-08-20T13:37:26","date_gmt":"2020-08-20T13:37:26","guid":{"rendered":"http:\/\/www.lanuevaopcion.cl\/?p=26160"},"modified":"2020-08-20T13:37:26","modified_gmt":"2020-08-20T13:37:26","slug":"paredes-no-perdono-al-presi-en-el-anuncio-del-regreso-del-futbol","status":"publish","type":"post","link":"http:\/\/www.lanuevaopcion.cl\/?p=26160","title":{"rendered":"Paredes no perdon\u00f3 al Presi en el anuncio del regreso del f\u00fatbol"},"content":{"rendered":"<p><img loading=\"lazy\" decoding=\"async\"  alt=\"\" src=\"https:\/\/www.lacuarta.com\/wp-content\/uploads\/2020\/08\/SEBASTIAN-PI%C3%91ERA-EN-ES-7463822-390x293.jpg\" class=\"alignleft\" width=\"390\" height=\"293\" \/ class=\"alignleft\" style=\"margin-right:15px;margin-bottom:10px;float:left;\" ><br \/>\nLa noticia m\u00e1s esperada por la fanaticada pelotera se oficializ\u00f3 ayer: El f\u00fatbol chileno, nuestro amado f\u00fatbol chileno, retornar\u00e1 el pr\u00f3ximo s\u00e1bado 29 de agosto a sus competencias oficiales.<\/p>\n<p>Y si bien la buena nueva ya se las hab\u00edamos adelantado en La Cuarta hace varias semanas, el anuncio igual nos provoc\u00f3 mariposas en la guatita y ganas de tirar su carne a la parrilla.<br \/>\nEs que por primera vez en la vida, la pelotita se mantuvo en el refri por m\u00e1s de cinco meses y su regreso a las canchas merec\u00eda tirar el estadio por la ventana.<br \/>\n<!--more--><br \/>\nAs\u00ed lo entendieron tambi\u00e9n las m\u00e1ximas autoridades de nuestro pa\u00eds, por lo que fue el propio Presidente Sebasti\u00e1n Pi\u00f1era quien se encarg\u00f3 de cortar la cinta en el verde pasto del Nacional.<\/p>\n<p>M\u00c1S SOBRE F\u00daTBOL<br \/>\nToni Freixa: \u201cSi Vidal se quiere ir, el Bar\u00e7a no se lo impedir\u00e1\u201d20 AGO 2020<br \/>\nJorge Sampaoli y Eduardo Vargas podr\u00edan reencontrarse en Atl\u00e9tico Mineiro19 AGO 2020<br \/>\n\u201cHace meses se gener\u00f3 una mesa de trabajo, para tener las mejores condiciones de competencia. Por eso se fijaron protocolos muy estrictos y que deben cumplirse rigurosamente. Aunque estoy seguro que los jugadores estar\u00e1n a la altura de este desaf\u00edo\u201d, declar\u00f3 el Mandatario.<\/p>\n<p>Luego, y para que la fiesta fuera completa, Pi\u00f1era convid\u00f3 a los presentes a tirar penales en el arco sur. Como no hab\u00eda ning\u00fan portero invitado y cumpliendo con un antiguo dicho popular, el \u201cPresi\u201d se coloc\u00f3 bajo los tres palos.<\/p>\n<p>Fue entonces cuando el patr\u00f3n de la ANFP -Pablo Milad- estrell\u00f3 su remate en el travesa\u00f1o, la leyenda alba Esteban Paredes lo bati\u00f3 sin problemas y lo mismo hizo su par cruzado: Jos\u00e9 Pedro Fuenzalida.<\/p>\n<p>PUBLICIDAD<\/p>\n<p>En resumen, no ataj\u00f3 ninguno. Ni cerca anduvo, por lo que muchos de los presentes coincidieron que el f\u00fatbol no era lo suyo. Es m\u00e1s, Paredes lo \u201cmat\u00f3\u201d cuando le pidieron un concepto para la performance del hermano del \u201cNegro\u201d Pi\u00f1era.<\/p>\n<p>\u201cNo es bueno para el arco, ni para definir\u201d, sentenci\u00f3 el capit\u00e1n del Cacique.<\/p>\n<p>A jugar. Y ya que hablamos del elenco mapuche, los blancos ser\u00e1n los primeros de la categor\u00eda de honor en mojar la camiseta. Los de Arellano recibir\u00e1n a Wanderers en el estadio Monumental, a las 13.30 horas, ese bendito s\u00e1bado 29.<\/p>\n<p>\u201cEsperamos estar a la altura de este desaf\u00edo y respetar todos los protocolos que tenemos, para que el campeonato no tenga problemas en continuar durante el a\u00f1o\u201d, dese\u00f3 Paredes.<\/p>\n<p>Desaf\u00edo que ser\u00e1 la antesala del Supercl\u00e1sico que se jugar\u00e1 una semana despu\u00e9s en el Nacional totalmente vac\u00edo, tal como confirmaron las autoridades sanitarias.<\/p>\n<p>\u201cSin p\u00fablico es como un entrenamiento, pero ya hemos jugado sin p\u00fablico este tipo de partidos\u201d, record\u00f3 Esteban Efra\u00edn, y agreg\u00f3: \u201cesperamos que la gente se quede en su casa y no venga al estadio, para que el torneo no se atrase ni se suspenda\u201d.<\/p>\n<p>A ese compromiso los azules llegar\u00e1n tambi\u00e9n con un pleito oficial en el cuerpo, ya que visitar\u00e1n a Palestino en San Carlos de Apoquindo.<\/p>\n<p>Mismo recinto donde la Cat\u00f3lica debe recibir a Uni\u00f3n Espa\u00f1ola por su compromiso pendiente de la s\u00e9ptima fecha, por lo que se espera que se programen ambos cotejos para el domingo.<br \/>\nClaro que esa decisi\u00f3n est\u00e1 en manos de Estadio Seguro, que al cierre de esta edici\u00f3n no confirmaban el fixture de las primeras batallas.<\/p>\n<p>La \u2018B\u2019<br \/>\nLo que s\u00ed est\u00e1 ratificado es que los potreros tambi\u00e9n tendr\u00e1n un papel estelar en el reinicio de las competencias.<\/p>\n<p>Es que tal como lo confirm\u00f3 Milad en TVN, Cobreloa con Copiap\u00f3 ser\u00e1n los encargados de abrir las \u201ctransmisiones\u201d. \u00bfLa raz\u00f3n? El duelo entre nortinos fue el primero que se program\u00f3 y qued\u00f3 para el mediod\u00eda del ya archi-nombrado s\u00e1bado 29, por lo que CDF volver\u00e1 a sus emisiones en vivo con un atractivo choque minero.<\/p>\n<p>\u201cSe jugar\u00e1n los duelos pendientes los d\u00edas s\u00e1bado, domingo, lunes y martes\u201d, anunci\u00f3 Milad, quien confirm\u00f3 en la estaci\u00f3n estatal que la Eliminatorias partir\u00e1n en octubre, pero que podr\u00edan jugarse cuatro fechas en pocos d\u00edas.<\/p>\n<p>https:\/\/www.lacuarta.com\/deportes\/noticia\/paredes-no-perdon-presi-futbol\/536379\/<br \/>\nDUENTE. LA CUARTA.COM<br \/>\nMEDIO DE DIFUSION SIN FIN DE LUCRO,<\/p>\n","protected":false},"excerpt":{"rendered":"<p>La noticia m\u00e1s esperada por la fanaticada pelotera se oficializ\u00f3 ayer: El f\u00fatbol chileno, nuestro amado f\u00fatbol chileno, retornar\u00e1 el pr\u00f3ximo s\u00e1bado 29 de agosto a sus competencias oficiales. Y si bien la buena nueva ya se las hab\u00edamos adelantado en La Cuarta hace varias semanas, el anuncio igual nos provoc\u00f3 mariposas en la guatita [&hellip;]<\/p>\n","protected":false},"author":51,"featured_media":0,"comment_status":"open","ping_status":"open","sticky":false,"template":"","format":"standard","meta":{"footnotes":""},"categories":[7,4,16,1,31,11],"tags":[],"class_list":["post-26160","post","type-post","status-publish","format-standard","hentry","category-deporte","category-economia","category-nacional","category-uncategorized","category-salud","category-tendencias"],"_links":{"self":[{"href":"http:\/\/www.lanuevaopcion.cl\/index.php?rest_route=\/wp\/v2\/posts\/26160","targetHints":{"allow":["GET"]}}],"collection":[{"href":"http:\/\/www.lanuevaopcion.cl\/index.php?rest_route=\/wp\/v2\/posts"}],"about":[{"href":"http:\/\/www.lanuevaopcion.cl\/index.php?rest_route=\/wp\/v2\/types\/post"}],"author":[{"embeddable":true,"href":"http:\/\/www.lanuevaopcion.cl\/index.php?rest_route=\/wp\/v2\/users\/51"}],"replies":[{"embeddable":true,"href":"http:\/\/www.lanuevaopcion.cl\/index.php?rest_route=%2Fwp%2Fv2%2Fcomments&post=26160"}],"version-history":[{"count":1,"href":"http:\/\/www.lanuevaopcion.cl\/index.php?rest_route=\/wp\/v2\/posts\/26160\/revisions"}],"predecessor-version":[{"id":26161,"href":"http:\/\/www.lanuevaopcion.cl\/index.php?rest_route=\/wp\/v2\/posts\/26160\/revisions\/26161"}],"wp:attachment":[{"href":"http:\/\/www.lanuevaopcion.cl\/index.php?rest_route=%2Fwp%2Fv2%2Fmedia&parent=26160"}],"wp:term":[{"taxonomy":"category","embeddable":true,"href":"http:\/\/www.lanuevaopcion.cl\/index.php?rest_route=%2Fwp%2Fv2%2Fcategories&post=26160"},{"taxonomy":"post_tag","embeddable":true,"href":"http:\/\/www.lanuevaopcion.cl\/index.php?rest_route=%2Fwp%2Fv2%2Ftags&post=26160"}],"curies":[{"name":"wp","href":"https:\/\/api.w.org\/{rel}","templated":true}]}}