{"id":26154,"date":"2020-08-17T01:12:36","date_gmt":"2020-08-17T01:12:36","guid":{"rendered":"http:\/\/www.lanuevaopcion.cl\/?p=26154"},"modified":"2020-08-17T01:12:36","modified_gmt":"2020-08-17T01:12:36","slug":"moreira-compara-a-celestino-cordova-con-hugo-bustamante-%c2%abson-responsables-de-macabros-crimenes%c2%bb","status":"publish","type":"post","link":"http:\/\/www.lanuevaopcion.cl\/?p=26154","title":{"rendered":"Moreira compara a Celestino C\u00f3rdova con Hugo Bustamante: \u00abSon responsables de macabros cr\u00edmenes\u00bb"},"content":{"rendered":"<p><img loading=\"lazy\" decoding=\"async\"  alt=\"\" src=\"https:\/\/www.lacuarta.com\/wp-content\/uploads\/2020\/01\/MOREIRA-390x293.jpg\" class=\"alignleft\" width=\"390\" height=\"293\" \/ class=\"alignleft\" style=\"margin-right:15px;margin-bottom:10px;float:left;\" ><br \/>\nEl senador Iv\u00e1n Moreira ha causado pol\u00e9mica esta tarde, tras comparar a el machi Celestino C\u00f3rdova y al imputado por el crimen de \u00c1mbar Cornejo.<\/p>\n<p>El UDI subi\u00f3 un video a su Twitter criticando al gobierno, se\u00f1alando que \u00abeste nuevo gabinete va a terminar siendo mas de lo mismo, ni blando ni duro, s\u00f3lo parte de un gobierno obediente de la izquierda que no se atreve a aplicar la ley, un gobierno que actu\u00e1 atemorizado ante el terrorismo y la violencia\u00bb.<br \/>\n<!--more--><br \/>\nTras eso, el senador hizo la pregunta de que \u00abCu\u00e1l es la diferencia entre Bustamante y Celestino C\u00f3rdova\u00bb, para arremeter con un duro cuestionamiento. \u00abSon los dos asesinos, uno que descuartiz\u00f3 a una ni\u00f1a y otro que quem\u00f3 vivos a una pareja de ancianos\u00bb, se\u00f1al\u00f3.<\/p>\n<p>\u00abMe parece que lo que est\u00e1 haciendo el gobierno, las instrucciones que da la moneda, verdaderamente son perjudiciales para el pa\u00eds, porque definitivamente el plebiscito solamente va a terminando siendo un acto plebiscitario y nada mas, porque ya la izquierda nos gano, dentro de nuestra propia constituci\u00f3n\u00bb, agreg\u00f3 para finalizar.<\/p>\n<p>https:\/\/www.lacuarta.com\/cronica\/noticia\/moreira-celestino-hugo-bustamante\/534832\/<br \/>\nFUENTE. LA CUERTA.COM<br \/>\nMEDIO DE DIFUSI\u00d3N SIN FIN DE LUCRO.<\/p>\n","protected":false},"excerpt":{"rendered":"<p>El senador Iv\u00e1n Moreira ha causado pol\u00e9mica esta tarde, tras comparar a el machi Celestino C\u00f3rdova y al imputado por el crimen de \u00c1mbar Cornejo. El UDI subi\u00f3 un video a su Twitter criticando al gobierno, se\u00f1alando que \u00abeste nuevo gabinete va a terminar siendo mas de lo mismo, ni blando ni duro, s\u00f3lo parte [&hellip;]<\/p>\n","protected":false},"author":51,"featured_media":0,"comment_status":"open","ping_status":"open","sticky":false,"template":"","format":"standard","meta":{"footnotes":""},"categories":[8,9,16,30,1,31,11],"tags":[376,595],"class_list":["post-26154","post","type-post","status-publish","format-standard","hentry","category-cultura","category-educacion","category-nacional","category-policial","category-uncategorized","category-salud","category-tendencias","tag-diputado","tag-gabinete-mas-de-lo-mismo"],"_links":{"self":[{"href":"http:\/\/www.lanuevaopcion.cl\/index.php?rest_route=\/wp\/v2\/posts\/26154","targetHints":{"allow":["GET"]}}],"collection":[{"href":"http:\/\/www.lanuevaopcion.cl\/index.php?rest_route=\/wp\/v2\/posts"}],"about":[{"href":"http:\/\/www.lanuevaopcion.cl\/index.php?rest_route=\/wp\/v2\/types\/post"}],"author":[{"embeddable":true,"href":"http:\/\/www.lanuevaopcion.cl\/index.php?rest_route=\/wp\/v2\/users\/51"}],"replies":[{"embeddable":true,"href":"http:\/\/www.lanuevaopcion.cl\/index.php?rest_route=%2Fwp%2Fv2%2Fcomments&post=26154"}],"version-history":[{"count":1,"href":"http:\/\/www.lanuevaopcion.cl\/index.php?rest_route=\/wp\/v2\/posts\/26154\/revisions"}],"predecessor-version":[{"id":26155,"href":"http:\/\/www.lanuevaopcion.cl\/index.php?rest_route=\/wp\/v2\/posts\/26154\/revisions\/26155"}],"wp:attachment":[{"href":"http:\/\/www.lanuevaopcion.cl\/index.php?rest_route=%2Fwp%2Fv2%2Fmedia&parent=26154"}],"wp:term":[{"taxonomy":"category","embeddable":true,"href":"http:\/\/www.lanuevaopcion.cl\/index.php?rest_route=%2Fwp%2Fv2%2Fcategories&post=26154"},{"taxonomy":"post_tag","embeddable":true,"href":"http:\/\/www.lanuevaopcion.cl\/index.php?rest_route=%2Fwp%2Fv2%2Ftags&post=26154"}],"curies":[{"name":"wp","href":"https:\/\/api.w.org\/{rel}","templated":true}]}}