{"id":26152,"date":"2020-08-15T02:16:25","date_gmt":"2020-08-15T02:16:25","guid":{"rendered":"http:\/\/www.lanuevaopcion.cl\/?p=26152"},"modified":"2020-08-15T02:16:25","modified_gmt":"2020-08-15T02:16:25","slug":"%c2%abnefasto%c2%bb-arturo-vidal-no-se-salvo-de-la-criticas-tras-la-derrota-historica-del-barcelona","status":"publish","type":"post","link":"http:\/\/www.lanuevaopcion.cl\/?p=26152","title":{"rendered":"\u00abNefasto\u00bb: Arturo Vidal no se salv\u00f3 de la cr\u00edticas tras la derrota hist\u00f3rica del Barcelona"},"content":{"rendered":"<p><img loading=\"lazy\" decoding=\"async\"  alt=\"\" src=\"https:\/\/www.lacuarta.com\/wp-content\/uploads\/2020\/08\/Arturo-Vidal-1-390x293.jpg\" class=\"alignleft\" width=\"390\" height=\"293\" \/ class=\"alignleft\" style=\"margin-right:15px;margin-bottom:10px;float:left;\" ><br \/>\nNadie, pero nadie del Barcelona se salv\u00f3 de las cr\u00edticas. Ni Messi, Su\u00e1rez, ni mucho menos Arturo Vidal. Es que luego de la estrepitosa e hist\u00f3rica derrota por 8-2 del cuadro \u00abcule\u00bb frente al Bayern Munich, poco y nada se pudo rescatar.<\/p>\n<p>En esa l\u00ednea, el \u00abKing\u00bb recibi\u00f3 el descarnado enjuiciamiento de la prensa espa\u00f1ola. Y aunque el chileno puso la garra de siempre, fue calificado entre los m\u00e1s bajos. Al igual que sus compa\u00f1eros.<br \/>\n<!--more--><br \/>\n\u00abIntrascendente el chileno, ni en la construcci\u00f3n, ni en la destrucci\u00f3n, ni en la llegada. Lleg\u00f3 para evitar este tipo de desastres, pero no lo ha conseguido. Claro, que ante el derrumbe general es muy complicado\u00bb, apunt\u00f3 el diario Marca.<\/p>\n<p>En tanto, Sport, tambi\u00e9n le dio duro al volante nacional. El sitio petazeta, le dedic\u00f3 una nota con el t\u00edtulo: \u00abArturo Vidal, de fichaje salvador a ser humillado por su ex equipo\u00bb.<\/p>\n<p>\u00abEl partido de Arturo Vidal fue nefasto. Como el del resto de sus compa\u00f1eros. El chileno sucumbi\u00f3 por el terreno de juego ante el vendaval b\u00e1varo y solo en algunos momentos dio muestras de impotencia con alguna carrera que terminaba con la jugada que estaba construyendo el equipo alem\u00e1n\u00bb, escribieron.<\/p>\n<p>\u00abEn fase ofensiva, partiendo desde la mediapunta, su aportaci\u00f3n fue nula y no logr\u00f3 generar peligro en el \u00e1rea de Neuer ni detener la circulaci\u00f3n de bal\u00f3n entre los defensas y los centrocampistas del Bayern\u00bb, agregaron.<\/p>\n<p>Eso s\u00ed, por lo menos Sport, no le ech\u00f3 toda la culpa al bicampe\u00f3n de Am\u00e9rica, por el desastre del Barcelona. \u00abA pesar de su actuaci\u00f3n, no se puede decir que Arturo Vidal sea el responsable de la derrota del conjunto azulgrana\u00bb, complementaron.<\/p>\n<p>https:\/\/www.lacuarta.com\/deportes\/noticia\/arturo-vidal-criticas-derrota-barcelona\/534308\/<br \/>\nFUENTE. LA CUARTA.COM<br \/>\nMEDIO DE DIFUSI\u00d3N , SIN FIN DE LUCRO.<\/p>\n","protected":false},"excerpt":{"rendered":"<p>Nadie, pero nadie del Barcelona se salv\u00f3 de las cr\u00edticas. Ni Messi, Su\u00e1rez, ni mucho menos Arturo Vidal. Es que luego de la estrepitosa e hist\u00f3rica derrota por 8-2 del cuadro \u00abcule\u00bb frente al Bayern Munich, poco y nada se pudo rescatar. En esa l\u00ednea, el \u00abKing\u00bb recibi\u00f3 el descarnado enjuiciamiento de la prensa espa\u00f1ola. [&hellip;]<\/p>\n","protected":false},"author":51,"featured_media":0,"comment_status":"open","ping_status":"open","sticky":false,"template":"","format":"standard","meta":{"footnotes":""},"categories":[8,7,4,5,16,31,11],"tags":[77],"class_list":["post-26152","post","type-post","status-publish","format-standard","hentry","category-cultura","category-deporte","category-economia","category-internacional","category-nacional","category-salud","category-tendencias","tag-mundo"],"_links":{"self":[{"href":"http:\/\/www.lanuevaopcion.cl\/index.php?rest_route=\/wp\/v2\/posts\/26152","targetHints":{"allow":["GET"]}}],"collection":[{"href":"http:\/\/www.lanuevaopcion.cl\/index.php?rest_route=\/wp\/v2\/posts"}],"about":[{"href":"http:\/\/www.lanuevaopcion.cl\/index.php?rest_route=\/wp\/v2\/types\/post"}],"author":[{"embeddable":true,"href":"http:\/\/www.lanuevaopcion.cl\/index.php?rest_route=\/wp\/v2\/users\/51"}],"replies":[{"embeddable":true,"href":"http:\/\/www.lanuevaopcion.cl\/index.php?rest_route=%2Fwp%2Fv2%2Fcomments&post=26152"}],"version-history":[{"count":1,"href":"http:\/\/www.lanuevaopcion.cl\/index.php?rest_route=\/wp\/v2\/posts\/26152\/revisions"}],"predecessor-version":[{"id":26153,"href":"http:\/\/www.lanuevaopcion.cl\/index.php?rest_route=\/wp\/v2\/posts\/26152\/revisions\/26153"}],"wp:attachment":[{"href":"http:\/\/www.lanuevaopcion.cl\/index.php?rest_route=%2Fwp%2Fv2%2Fmedia&parent=26152"}],"wp:term":[{"taxonomy":"category","embeddable":true,"href":"http:\/\/www.lanuevaopcion.cl\/index.php?rest_route=%2Fwp%2Fv2%2Fcategories&post=26152"},{"taxonomy":"post_tag","embeddable":true,"href":"http:\/\/www.lanuevaopcion.cl\/index.php?rest_route=%2Fwp%2Fv2%2Ftags&post=26152"}],"curies":[{"name":"wp","href":"https:\/\/api.w.org\/{rel}","templated":true}]}}