{"id":26146,"date":"2020-08-12T12:23:11","date_gmt":"2020-08-12T12:23:11","guid":{"rendered":"http:\/\/www.lanuevaopcion.cl\/?p=26146"},"modified":"2020-08-12T12:23:11","modified_gmt":"2020-08-12T12:23:11","slug":"cde-se-querellara-contra-senador-ossandon-por-presunto-trafico-de-influencias","status":"publish","type":"post","link":"http:\/\/www.lanuevaopcion.cl\/?p=26146","title":{"rendered":"CDE se querellar\u00e1 contra senador Ossand\u00f3n por presunto tr\u00e1fico de influencias"},"content":{"rendered":"<p><img loading=\"lazy\" decoding=\"async\"  alt=\"\" src=\"https:\/\/www.lacuarta.com\/wp-content\/uploads\/2020\/07\/Autoridades-llegan-a-l-7134043-390x293.jpg\" class=\"alignleft\" width=\"390\" height=\"293\" \/ class=\"alignleft\" style=\"margin-right:15px;margin-bottom:10px;float:left;\" ><br \/>\nEl Consejo de Defensa del Estado (CDE) inform\u00f3 que interpondr\u00e1n una querella contra el senador Manuel Jos\u00e9 Ossand\u00f3n y contra quienes resulten responsables.<\/p>\n<p>Todo esto por un presunto tr\u00e1fico de influencias que se investiga tras una querella presentada por el alcalde de Pirque, Cristi\u00e1n Balmaceda, primo del senador.<br \/>\n<!--more--><br \/>\nEl CDE determin\u00f3 que los hechos ocurridos bajo un contrato de extracci\u00f3n de \u00e1ridos por las comunas de Puente Alto y Pirque podr\u00edan ser un delito de tr\u00e1fico de influencias.<\/p>\n<p>\u00abEl CDE interpondr\u00e1 su acci\u00f3n penal conforme a las atribuciones que le otorga su Ley Org\u00e1nica y que lo facultan a intervenir judicialmente en aquellos delitos eventualmente cometidos por funcionarios p\u00fablicos\u00bb, dicen desde el Consejo de Defensa del Estado.<\/p>\n<p>https:\/\/www.lacuarta.com\/cronica\/noticia\/cde-querellara-senador-ossandon\/533170\/<br \/>\nFUENTE. LA CUARTA.COM<br \/>\nMEDIO TRANSMISOR SIN FIN DE LUCRO <\/p>\n","protected":false},"excerpt":{"rendered":"<p>El Consejo de Defensa del Estado (CDE) inform\u00f3 que interpondr\u00e1n una querella contra el senador Manuel Jos\u00e9 Ossand\u00f3n y contra quienes resulten responsables. Todo esto por un presunto tr\u00e1fico de influencias que se investiga tras una querella presentada por el alcalde de Pirque, Cristi\u00e1n Balmaceda, primo del senador.<\/p>\n","protected":false},"author":51,"featured_media":0,"comment_status":"open","ping_status":"open","sticky":false,"template":"","format":"standard","meta":{"footnotes":""},"categories":[16,1,11],"tags":[444,564],"class_list":["post-26146","post","type-post","status-publish","format-standard","hentry","category-nacional","category-uncategorized","category-tendencias","tag-cde","tag-senador-ossandon"],"_links":{"self":[{"href":"http:\/\/www.lanuevaopcion.cl\/index.php?rest_route=\/wp\/v2\/posts\/26146","targetHints":{"allow":["GET"]}}],"collection":[{"href":"http:\/\/www.lanuevaopcion.cl\/index.php?rest_route=\/wp\/v2\/posts"}],"about":[{"href":"http:\/\/www.lanuevaopcion.cl\/index.php?rest_route=\/wp\/v2\/types\/post"}],"author":[{"embeddable":true,"href":"http:\/\/www.lanuevaopcion.cl\/index.php?rest_route=\/wp\/v2\/users\/51"}],"replies":[{"embeddable":true,"href":"http:\/\/www.lanuevaopcion.cl\/index.php?rest_route=%2Fwp%2Fv2%2Fcomments&post=26146"}],"version-history":[{"count":1,"href":"http:\/\/www.lanuevaopcion.cl\/index.php?rest_route=\/wp\/v2\/posts\/26146\/revisions"}],"predecessor-version":[{"id":26147,"href":"http:\/\/www.lanuevaopcion.cl\/index.php?rest_route=\/wp\/v2\/posts\/26146\/revisions\/26147"}],"wp:attachment":[{"href":"http:\/\/www.lanuevaopcion.cl\/index.php?rest_route=%2Fwp%2Fv2%2Fmedia&parent=26146"}],"wp:term":[{"taxonomy":"category","embeddable":true,"href":"http:\/\/www.lanuevaopcion.cl\/index.php?rest_route=%2Fwp%2Fv2%2Fcategories&post=26146"},{"taxonomy":"post_tag","embeddable":true,"href":"http:\/\/www.lanuevaopcion.cl\/index.php?rest_route=%2Fwp%2Fv2%2Ftags&post=26146"}],"curies":[{"name":"wp","href":"https:\/\/api.w.org\/{rel}","templated":true}]}}