{"id":26144,"date":"2020-08-11T01:21:46","date_gmt":"2020-08-11T01:21:46","guid":{"rendered":"http:\/\/www.lanuevaopcion.cl\/?p=26144"},"modified":"2020-08-11T01:21:46","modified_gmt":"2020-08-11T01:21:46","slug":"ultimo-minuto-detienen-a-hija-de-bachelet-por-participar-sin-permisos-en-manifestacion-pro-mapuche","status":"publish","type":"post","link":"http:\/\/www.lanuevaopcion.cl\/?p=26144","title":{"rendered":"\u00daltimo minuto: detienen a hija de Bachelet por participar sin permisos en manifestaci\u00f3n pro mapuche"},"content":{"rendered":"<p><img loading=\"lazy\" decoding=\"async\"  alt=\"\" src=\"https:\/\/www.lacuarta.com\/wp-content\/uploads\/2020\/08\/francisca-davalos-390x293.jpg\" class=\"alignleft\" width=\"390\" height=\"293\" \/ class=\"alignleft\" style=\"margin-right:15px;margin-bottom:10px;float:left;\" ><br \/>\nHace instantes fue detenida Francisca D\u00e1valos Bachelet, hija de la ex Presidenta de la Rep\u00fablica, Michelle Bachelet Jeria.<\/p>\n<p>Seg\u00fan informaci\u00f3n recopilada por LaCuarta.com, la joven fue sorprendida manifest\u00e1ndose en la plaza del Registro Civil, en Santiago Centro, a favor de la causa mapuche.<\/p>\n<p>D\u00e1valos ten\u00eda permiso para salir a comprar en una comuna que se mantiene en cuarentena, pero fue detenida por el mal uso de este, pues infringi\u00f3 el art\u00edculo 318 del C\u00f3digo Penal.<br \/>\n<!--more--><br \/>\nhttps:\/\/www.lacuarta.com\/cronica\/noticia\/detienen-hija-michelle-bachelet\/532423\/<br \/>\nFUENTE.LA CUARTA.COM<br \/>\nLANUEVAOPCION.CLSOLO MEDIO DE DIFUSION, SIN FIN DE LUCRO <\/p>\n","protected":false},"excerpt":{"rendered":"<p>Hace instantes fue detenida Francisca D\u00e1valos Bachelet, hija de la ex Presidenta de la Rep\u00fablica, Michelle Bachelet Jeria. Seg\u00fan informaci\u00f3n recopilada por LaCuarta.com, la joven fue sorprendida manifest\u00e1ndose en la plaza del Registro Civil, en Santiago Centro, a favor de la causa mapuche. D\u00e1valos ten\u00eda permiso para salir a comprar en una comuna que se [&hellip;]<\/p>\n","protected":false},"author":51,"featured_media":0,"comment_status":"open","ping_status":"open","sticky":false,"template":"","format":"standard","meta":{"footnotes":""},"categories":[9,16,30,1,11],"tags":[144,360],"class_list":["post-26144","post","type-post","status-publish","format-standard","hentry","category-educacion","category-nacional","category-policial","category-uncategorized","category-tendencias","tag-diputados","tag-tc"],"_links":{"self":[{"href":"http:\/\/www.lanuevaopcion.cl\/index.php?rest_route=\/wp\/v2\/posts\/26144","targetHints":{"allow":["GET"]}}],"collection":[{"href":"http:\/\/www.lanuevaopcion.cl\/index.php?rest_route=\/wp\/v2\/posts"}],"about":[{"href":"http:\/\/www.lanuevaopcion.cl\/index.php?rest_route=\/wp\/v2\/types\/post"}],"author":[{"embeddable":true,"href":"http:\/\/www.lanuevaopcion.cl\/index.php?rest_route=\/wp\/v2\/users\/51"}],"replies":[{"embeddable":true,"href":"http:\/\/www.lanuevaopcion.cl\/index.php?rest_route=%2Fwp%2Fv2%2Fcomments&post=26144"}],"version-history":[{"count":1,"href":"http:\/\/www.lanuevaopcion.cl\/index.php?rest_route=\/wp\/v2\/posts\/26144\/revisions"}],"predecessor-version":[{"id":26145,"href":"http:\/\/www.lanuevaopcion.cl\/index.php?rest_route=\/wp\/v2\/posts\/26144\/revisions\/26145"}],"wp:attachment":[{"href":"http:\/\/www.lanuevaopcion.cl\/index.php?rest_route=%2Fwp%2Fv2%2Fmedia&parent=26144"}],"wp:term":[{"taxonomy":"category","embeddable":true,"href":"http:\/\/www.lanuevaopcion.cl\/index.php?rest_route=%2Fwp%2Fv2%2Fcategories&post=26144"},{"taxonomy":"post_tag","embeddable":true,"href":"http:\/\/www.lanuevaopcion.cl\/index.php?rest_route=%2Fwp%2Fv2%2Ftags&post=26144"}],"curies":[{"name":"wp","href":"https:\/\/api.w.org\/{rel}","templated":true}]}}