{"id":26141,"date":"2020-08-10T12:31:45","date_gmt":"2020-08-10T12:31:45","guid":{"rendered":"http:\/\/www.lanuevaopcion.cl\/?p=26141"},"modified":"2020-08-10T12:32:31","modified_gmt":"2020-08-10T12:32:31","slug":"hugo-gutierrez-se-enfrento-a-navales-%e2%80%9cno-puede-controlarme%e2%80%9d","status":"publish","type":"post","link":"http:\/\/www.lanuevaopcion.cl\/?p=26141","title":{"rendered":"Hugo Guti\u00e9rrez se enfrent\u00f3 a navales: \u201cNo puede controlarme\u201d"},"content":{"rendered":"<p><img loading=\"lazy\" decoding=\"async\"  alt=\"\" src=\"https:\/\/www.lacuarta.com\/wp-content\/uploads\/2020\/08\/A_UNO_1184493-390x293.jpg\" class=\"alignleft\" width=\"390\" height=\"293\" \/ class=\"alignleft\" style=\"margin-right:15px;margin-bottom:10px;float:left;\" ><br \/>\nEl domingo, bien tempranito, comenz\u00f3 a circular en Twitter un video de un incidente entre el diputado comunista, Hugo Guti\u00e9rrez, y funcionarios de la Armada, en un estacionamiento de Iquique, ocurrido a las 18.45 del s\u00e1bado.<br \/>\nEn la imagen se puede ver al parlamentario baj\u00e1ndose y entregando sus credenciales. Hasta ah\u00ed, todo marchaba perfecto, hasta que uno de los navales le pide dejar sus datos del control.<br \/>\n<!--more--><br \/>\nEl video muestra a Guti\u00e9rrez, en onda agudo, y preguntando: \u201c\u00bfPor qu\u00e9?\u201d. Le dicen que dejan un catastro de los controles y el parlamentario les dice \u201cA m\u00ed no puede controlarme, porque sino, yo lo controlo a usted, yo soy m\u00e1s autoridad\u201d.<\/p>\n<p>Luego les dice: \u201cSi usted me controla a m\u00ed, yo lo controlo a usted y nos controlamos todos y ser\u00eda un problema, \u00bfno?\u201d.<br \/>\nEn la imagen se puede ver c\u00f3mo el uniformado que le habla le dice si lo puede ilustrar sobre \u201cel detalle legal donde dice que no podemos controlar a un parlamentario\u201d. Y ah\u00ed se puso espesa la cuesti\u00f3n, porque Guti\u00e9rrez le dijo que no, pero \u201cque yo puedo controlarlos a ustedes s\u00ed, eso est\u00e1 claro\u201d.<\/p>\n<p>Hugo Guti\u00e9rrez<\/p>\n<p>Despu\u00e9s les dice que estaba con su mujer y sus hijas, que hab\u00edan ido a dejar unos regalos a vecinos al llamado Barrio Colorado con motivo del D\u00eda del Ni\u00f1o.<\/p>\n<p>Ah\u00ed todo OK y cierran con un \u201cque le vaya bien, se\u00f1or diputado\u201d y un \u201cmuy gentil\u201d de Guti\u00e9rrez.<\/p>\n<p>Pero el domingo el diputado estall\u00f3, al se\u00f1alar que \u201cno se relatan todos los hechos (en el video)\u201d y agrega que \u201cal reconocerme, y ya que previamente comienzan a tratar prepotentemente e insultar a mi familia que me acompa\u00f1aba, comienzan a grabar de manera oculta\u201d.<\/p>\n<p>Ante este hecho intervino el ministro de Defensa, Mario Desbordes, quien respald\u00f3 a los uniformados y agreg\u00f3 que por \u201cla informaci\u00f3n que tengo a la vista es de un trato bastante deferente\u201d.<\/p>\n<p>Tambi\u00e9n afirm\u00f3 la autoridad que el uniformado a cargo del control \u201cperfectamente le pudo pedir el salvoconducto o el permiso colectivo (a la familia de Guti\u00e9rrez), adem\u00e1s entiendo que hab\u00eda una menor de edad que no debi\u00f3 haber estado en la calle en estos minutos\u201d.<\/p>\n<p>En tanto, el PC le entreg\u00f3 el respaldo al parlamentario en el incidente y pregunt\u00f3: \u201cpor qu\u00e9 la Armada entreg\u00f3 este video de c\u00e1mara Pro a conocimiento publico por v\u00edas no regulares\u201d.<\/p>\n<p>Adem\u00e1s, la Defensa Nacional emiti\u00f3 un comunicado respaldando el procedimiento de su personal que \u201cse ajust\u00f3 a la normativa aplicada durante el Estado de Excepci\u00f3n Constitucional vigente\u201d.<\/p>\n<p>Consultada por La Cuarta acerca de c\u00f3mo se filtr\u00f3 el video a redes sociales, la oficina de comunicaciones de la II Zona Naval se\u00f1al\u00f3 que \u201cpor el momento no podr\u00edamos dar una respuesta\u201d.<br \/>\nhttps:\/\/www.lacuarta.com\/cronica\/noticia\/hugo-gutierrez-navales-controlarme\/532193\/<br \/>\nFUENTE. LACUARTA.COM<br \/>\nMEDIO DE DIFUSION<br \/>\nMEDIO SIN FIN DE LUCRO ALGUNO <\/p>\n","protected":false},"excerpt":{"rendered":"<p>El domingo, bien tempranito, comenz\u00f3 a circular en Twitter un video de un incidente entre el diputado comunista, Hugo Guti\u00e9rrez, y funcionarios de la Armada, en un estacionamiento de Iquique, ocurrido a las 18.45 del s\u00e1bado. En la imagen se puede ver al parlamentario baj\u00e1ndose y entregando sus credenciales. Hasta ah\u00ed, todo marchaba perfecto, hasta [&hellip;]<\/p>\n","protected":false},"author":51,"featured_media":0,"comment_status":"open","ping_status":"open","sticky":false,"template":"","format":"standard","meta":{"footnotes":""},"categories":[8,16,30,1,31,11],"tags":[546,144],"class_list":["post-26141","post","type-post","status-publish","format-standard","hentry","category-cultura","category-nacional","category-policial","category-uncategorized","category-salud","category-tendencias","tag-covid19","tag-diputados"],"_links":{"self":[{"href":"http:\/\/www.lanuevaopcion.cl\/index.php?rest_route=\/wp\/v2\/posts\/26141","targetHints":{"allow":["GET"]}}],"collection":[{"href":"http:\/\/www.lanuevaopcion.cl\/index.php?rest_route=\/wp\/v2\/posts"}],"about":[{"href":"http:\/\/www.lanuevaopcion.cl\/index.php?rest_route=\/wp\/v2\/types\/post"}],"author":[{"embeddable":true,"href":"http:\/\/www.lanuevaopcion.cl\/index.php?rest_route=\/wp\/v2\/users\/51"}],"replies":[{"embeddable":true,"href":"http:\/\/www.lanuevaopcion.cl\/index.php?rest_route=%2Fwp%2Fv2%2Fcomments&post=26141"}],"version-history":[{"count":2,"href":"http:\/\/www.lanuevaopcion.cl\/index.php?rest_route=\/wp\/v2\/posts\/26141\/revisions"}],"predecessor-version":[{"id":26143,"href":"http:\/\/www.lanuevaopcion.cl\/index.php?rest_route=\/wp\/v2\/posts\/26141\/revisions\/26143"}],"wp:attachment":[{"href":"http:\/\/www.lanuevaopcion.cl\/index.php?rest_route=%2Fwp%2Fv2%2Fmedia&parent=26141"}],"wp:term":[{"taxonomy":"category","embeddable":true,"href":"http:\/\/www.lanuevaopcion.cl\/index.php?rest_route=%2Fwp%2Fv2%2Fcategories&post=26141"},{"taxonomy":"post_tag","embeddable":true,"href":"http:\/\/www.lanuevaopcion.cl\/index.php?rest_route=%2Fwp%2Fv2%2Ftags&post=26141"}],"curies":[{"name":"wp","href":"https:\/\/api.w.org\/{rel}","templated":true}]}}