{"id":26139,"date":"2020-08-07T13:56:25","date_gmt":"2020-08-07T13:56:25","guid":{"rendered":"http:\/\/www.lanuevaopcion.cl\/?p=26139"},"modified":"2020-08-07T13:56:25","modified_gmt":"2020-08-07T13:56:25","slug":"%c2%abno-mas-impunidad%c2%bb-pinera-reacciono-tras-crimen-de-ambar","status":"publish","type":"post","link":"http:\/\/www.lanuevaopcion.cl\/?p=26139","title":{"rendered":"\u00abNo m\u00e1s impunidad\u00bb: Pi\u00f1era reaccion\u00f3 tras crimen de \u00c1mbar"},"content":{"rendered":"<p><img loading=\"lazy\" decoding=\"async\"  alt=\"\" src=\"https:\/\/www.lacuarta.com\/wp-content\/uploads\/2020\/01\/SEBASTIAN-PI%C3%91ERA11481-5036677-390x293.jpg\" class=\"alignleft\" width=\"390\" height=\"293\" \/ class=\"alignleft\" style=\"margin-right:15px;margin-bottom:10px;float:left;\" ><br \/>\nEl Presidente Pi\u00f1era lament\u00f3 el crimen de \u00c1mbar Cornejo, joven de 16 a\u00f1os que habr\u00eda sido asesinada por Hugo Bustamante, quien mantiene una relaci\u00f3n con su madre y contaba con antecedentes penales.<\/p>\n<p>\u00abAsesinato de \u00c1mbar desgarr\u00f3 el coraz\u00f3n de millones de chilenos\u00bb, asegur\u00f3 el mandatario, que recurri\u00f3 a su cuenta de Twitter para referirse al caso que impacta al pa\u00eds.<br \/>\n<!--more--><br \/>\n\u00abNo m\u00e1s impunidad\u00bb<br \/>\n\u00abPor ella y por todos, ya endurecimos ley de libertad condicional que habr\u00eda evitado este asesinato y avanzamos en mejorar sistema penitenciario y ejecuci\u00f3n de penas\u00bb, a\u00f1adi\u00f3 Pi\u00f1era.<br \/>\nhttps:\/\/www.lacuarta.com\/cronica\/noticia\/no-mas-impunidad-pinera-reacciono\/531478\/<br \/>\nFUENTE. LA CUARTA.COM<br \/>\nMEDIO DE DIFUSION. FUENTE LEGAL Y ORIGINAL DE LA CUARTA.COM<br \/>\nMEDIO SIN FIN DE LUCRO ALGUNO <\/p>\n","protected":false},"excerpt":{"rendered":"<p>El Presidente Pi\u00f1era lament\u00f3 el crimen de \u00c1mbar Cornejo, joven de 16 a\u00f1os que habr\u00eda sido asesinada por Hugo Bustamante, quien mantiene una relaci\u00f3n con su madre y contaba con antecedentes penales. \u00abAsesinato de \u00c1mbar desgarr\u00f3 el coraz\u00f3n de millones de chilenos\u00bb, asegur\u00f3 el mandatario, que recurri\u00f3 a su cuenta de Twitter para referirse al [&hellip;]<\/p>\n","protected":false},"author":51,"featured_media":0,"comment_status":"open","ping_status":"open","sticky":false,"template":"","format":"standard","meta":{"footnotes":""},"categories":[8,9,16,30,1,11],"tags":[592,431],"class_list":["post-26139","post","type-post","status-publish","format-standard","hentry","category-cultura","category-educacion","category-nacional","category-policial","category-uncategorized","category-tendencias","tag-ambar-cornejo","tag-presidente-pinera"],"_links":{"self":[{"href":"http:\/\/www.lanuevaopcion.cl\/index.php?rest_route=\/wp\/v2\/posts\/26139","targetHints":{"allow":["GET"]}}],"collection":[{"href":"http:\/\/www.lanuevaopcion.cl\/index.php?rest_route=\/wp\/v2\/posts"}],"about":[{"href":"http:\/\/www.lanuevaopcion.cl\/index.php?rest_route=\/wp\/v2\/types\/post"}],"author":[{"embeddable":true,"href":"http:\/\/www.lanuevaopcion.cl\/index.php?rest_route=\/wp\/v2\/users\/51"}],"replies":[{"embeddable":true,"href":"http:\/\/www.lanuevaopcion.cl\/index.php?rest_route=%2Fwp%2Fv2%2Fcomments&post=26139"}],"version-history":[{"count":1,"href":"http:\/\/www.lanuevaopcion.cl\/index.php?rest_route=\/wp\/v2\/posts\/26139\/revisions"}],"predecessor-version":[{"id":26140,"href":"http:\/\/www.lanuevaopcion.cl\/index.php?rest_route=\/wp\/v2\/posts\/26139\/revisions\/26140"}],"wp:attachment":[{"href":"http:\/\/www.lanuevaopcion.cl\/index.php?rest_route=%2Fwp%2Fv2%2Fmedia&parent=26139"}],"wp:term":[{"taxonomy":"category","embeddable":true,"href":"http:\/\/www.lanuevaopcion.cl\/index.php?rest_route=%2Fwp%2Fv2%2Fcategories&post=26139"},{"taxonomy":"post_tag","embeddable":true,"href":"http:\/\/www.lanuevaopcion.cl\/index.php?rest_route=%2Fwp%2Fv2%2Ftags&post=26139"}],"curies":[{"name":"wp","href":"https:\/\/api.w.org\/{rel}","templated":true}]}}