{"id":26136,"date":"2020-08-06T21:25:32","date_gmt":"2020-08-06T21:25:32","guid":{"rendered":"http:\/\/www.lanuevaopcion.cl\/?p=26136"},"modified":"2020-08-06T21:26:08","modified_gmt":"2020-08-06T21:26:08","slug":"madre-de-ambar-cornejo-habria-reconocido-que-su-pareja-asesino-a-su-hija","status":"publish","type":"post","link":"http:\/\/www.lanuevaopcion.cl\/?p=26136","title":{"rendered":"Madre de \u00c1mbar Cornejo habr\u00eda reconocido que su pareja asesin\u00f3 a su hija"},"content":{"rendered":"<p><img loading=\"lazy\" decoding=\"async\"  alt=\"\" src=\"https:\/\/www.lacuarta.com\/wp-content\/uploads\/2020\/08\/A_UNO_1203390-1-390x293.jpg\" class=\"alignleft\" width=\"390\" height=\"293\" \/ class=\"alignleft\" style=\"margin-right:15px;margin-bottom:10px;float:left;\" ><\/p>\n<p>Tras confirmarse el hallazgo del cuerpo de \u00c1mbar Cornejo, joven de 16 a\u00f1os que se encontraba desaparecida hace ocho d\u00edas, la fiscal de Villa Alemana, Mar\u00eda Jos\u00e9 Bowen, se refiri\u00f3 a las primeras declaraciones de la madre de la adolescente.<\/p>\n<p>Luego de ser detenida por personal de la PDI, la mujer habr\u00eda reconocido que su pareja asesin\u00f3 a \u00c1mbar.<\/p>\n<p>Seg\u00fan se\u00f1al\u00f3 la fiscal, la madre \u00abinform\u00f3 lo que le cont\u00f3 el imputado. Se\u00f1al\u00f3 que fue el imputado quien mat\u00f3 a \u00c1mbar\u00bb.<br \/>\n<!--more--><br \/>\nH\u00e9ctor Espinosa, director general de la PDI, indic\u00f3 a T13 que \u00abdesgraciadamente, dentro del inmueble se encontraron enterrados restos \u00f3seos. Est\u00e1 casi el cuerpo completo y vestimentas que se tratar\u00edan de esta menor. Es una noticia lamentable\u00bb.<\/p>\n<p>Respecto a las pr\u00f3ximas pericias, Espinosa detall\u00f3 que \u00abse tienen que cruzar muchos datos (\u2026) la investigaci\u00f3n tiene que ser silenciosa, privada\u00bb.<\/p>\n","protected":false},"excerpt":{"rendered":"<p>Tras confirmarse el hallazgo del cuerpo de \u00c1mbar Cornejo, joven de 16 a\u00f1os que se encontraba desaparecida hace ocho d\u00edas, la fiscal de Villa Alemana, Mar\u00eda Jos\u00e9 Bowen, se refiri\u00f3 a las primeras declaraciones de la madre de la adolescente. Luego de ser detenida por personal de la PDI, la mujer habr\u00eda reconocido que su [&hellip;]<\/p>\n","protected":false},"author":51,"featured_media":0,"comment_status":"open","ping_status":"open","sticky":false,"template":"","format":"standard","meta":{"footnotes":""},"categories":[9,16,30,1,31,11],"tags":[592,591],"class_list":["post-26136","post","type-post","status-publish","format-standard","hentry","category-educacion","category-nacional","category-policial","category-uncategorized","category-salud","category-tendencias","tag-ambar-cornejo","tag-policias"],"_links":{"self":[{"href":"http:\/\/www.lanuevaopcion.cl\/index.php?rest_route=\/wp\/v2\/posts\/26136","targetHints":{"allow":["GET"]}}],"collection":[{"href":"http:\/\/www.lanuevaopcion.cl\/index.php?rest_route=\/wp\/v2\/posts"}],"about":[{"href":"http:\/\/www.lanuevaopcion.cl\/index.php?rest_route=\/wp\/v2\/types\/post"}],"author":[{"embeddable":true,"href":"http:\/\/www.lanuevaopcion.cl\/index.php?rest_route=\/wp\/v2\/users\/51"}],"replies":[{"embeddable":true,"href":"http:\/\/www.lanuevaopcion.cl\/index.php?rest_route=%2Fwp%2Fv2%2Fcomments&post=26136"}],"version-history":[{"count":2,"href":"http:\/\/www.lanuevaopcion.cl\/index.php?rest_route=\/wp\/v2\/posts\/26136\/revisions"}],"predecessor-version":[{"id":26138,"href":"http:\/\/www.lanuevaopcion.cl\/index.php?rest_route=\/wp\/v2\/posts\/26136\/revisions\/26138"}],"wp:attachment":[{"href":"http:\/\/www.lanuevaopcion.cl\/index.php?rest_route=%2Fwp%2Fv2%2Fmedia&parent=26136"}],"wp:term":[{"taxonomy":"category","embeddable":true,"href":"http:\/\/www.lanuevaopcion.cl\/index.php?rest_route=%2Fwp%2Fv2%2Fcategories&post=26136"},{"taxonomy":"post_tag","embeddable":true,"href":"http:\/\/www.lanuevaopcion.cl\/index.php?rest_route=%2Fwp%2Fv2%2Ftags&post=26136"}],"curies":[{"name":"wp","href":"https:\/\/api.w.org\/{rel}","templated":true}]}}