{"id":26134,"date":"2020-08-06T15:33:13","date_gmt":"2020-08-06T15:33:13","guid":{"rendered":"http:\/\/www.lanuevaopcion.cl\/?p=26134"},"modified":"2020-08-06T15:33:13","modified_gmt":"2020-08-06T15:33:13","slug":"%c2%abno-me-puedo-meter%e2%80%a6%c2%bb-ministra-zaldivar-aclaro-frase-de-los-plasmas","status":"publish","type":"post","link":"http:\/\/www.lanuevaopcion.cl\/?p=26134","title":{"rendered":"\u00abNo me puedo meter\u2026\u00bb: ministra Zald\u00edvar aclar\u00f3 frase de los plasmas"},"content":{"rendered":"<p><img loading=\"lazy\" decoding=\"async\"  alt=\"\" src=\"https:\/\/www.lacuarta.com\/wp-content\/uploads\/2020\/08\/maria-jose-zaldivar-1-390x293.jpg\" class=\"alignleft\" width=\"390\" height=\"293\" \/ class=\"alignleft\" style=\"margin-right:15px;margin-bottom:10px;float:left;\" ><br \/>\nPol\u00e9mica gener\u00f3 ayer la \u00faltima frase de la ministra del Trabajo, Mar\u00eda Jos\u00e9 Zald\u00edvar, quien se refiri\u00f3 a los montos del retiro al 10% de la AFP.<\/p>\n<p>\u00abOjal\u00e1 no veamos im\u00e1genes como Per\u00fa, que uno ve\u00eda gente saliendo con plasmas de las tiendas\u00bb, se\u00f1al\u00f3 en entrevista con Radio La Clave.<\/p>\n<p>Como era de esperar, su frase gener\u00f3 pol\u00e9mica, lo que la oblig\u00f3 a aclarar sus dichos. \u00abLa pregunta que me hicieron fue que s\u00ed cre\u00eda o ten\u00edamos estimaciones sobre de qu\u00e9 manera esta devoluci\u00f3n iba a reactivar el consumo\u00bb, se excus\u00f3 en di\u00e1logo con Radio Cooperativa.<br \/>\n<!--more--><\/p>\n<p>En ese sentido, agreg\u00f3 que \u00abla respuesta fue cuando se discuti\u00f3 la ley, se plante\u00f3 la situaci\u00f3n de enorme cantidad de familias que no estaban recibiendo apoyo, sin ingresos y con dificultades para pagar y que nosotros cre\u00edamos que si est\u00e1bamos en una situaci\u00f3n que hab\u00eda familias que no ten\u00edan los recursos para pagar alimento u obligaciones como matr\u00edculas o servicios b\u00e1sicos\u00bb.<\/p>\n<p>\u00abFue desafortunado mi ejemplo, pero lo dije en ese contexto\u00bb, aclar\u00f3.<\/p>\n<p>En relaci\u00f3n a las cr\u00edticas y su acusaci\u00f3n de \u00abintromisi\u00f3n\u00bb en los dineros de los afiliados, Zald\u00edvar se\u00f1al\u00f3 que \u00abyo no me puedo meter en lo que cada persona va a gastar el 10%, sin embargo agreg\u00f3 que \u00abplantearme de que con esto se va a reactivar el consumo, me parece complejo\u00bb, cerr\u00f3.<br \/>\nhttps:\/\/www.lacuarta.com\/cronica\/noticia\/ministra-del-trabajo-plasmas\/530938\/<br \/>\nFUENTE. LA CUARTA.COM<br \/>\nMEDIO SOLO DIFUDION. FUENTE LEGAL Y ORIGINAL LA CUARTA .COM<br \/>\nMEDIO SIN FIN DE LUCRO ALGUNO <\/p>\n","protected":false},"excerpt":{"rendered":"<p>Pol\u00e9mica gener\u00f3 ayer la \u00faltima frase de la ministra del Trabajo, Mar\u00eda Jos\u00e9 Zald\u00edvar, quien se refiri\u00f3 a los montos del retiro al 10% de la AFP. \u00abOjal\u00e1 no veamos im\u00e1genes como Per\u00fa, que uno ve\u00eda gente saliendo con plasmas de las tiendas\u00bb, se\u00f1al\u00f3 en entrevista con Radio La Clave. Como era de esperar, su [&hellip;]<\/p>\n","protected":false},"author":51,"featured_media":0,"comment_status":"open","ping_status":"open","sticky":false,"template":"","format":"standard","meta":{"footnotes":""},"categories":[8,4,16,1,31,11],"tags":[535,590,585],"class_list":["post-26134","post","type-post","status-publish","format-standard","hentry","category-cultura","category-economia","category-nacional","category-uncategorized","category-salud","category-tendencias","tag-covid-19","tag-ministra-zaldivar","tag-retiro-del-10-afp"],"_links":{"self":[{"href":"http:\/\/www.lanuevaopcion.cl\/index.php?rest_route=\/wp\/v2\/posts\/26134","targetHints":{"allow":["GET"]}}],"collection":[{"href":"http:\/\/www.lanuevaopcion.cl\/index.php?rest_route=\/wp\/v2\/posts"}],"about":[{"href":"http:\/\/www.lanuevaopcion.cl\/index.php?rest_route=\/wp\/v2\/types\/post"}],"author":[{"embeddable":true,"href":"http:\/\/www.lanuevaopcion.cl\/index.php?rest_route=\/wp\/v2\/users\/51"}],"replies":[{"embeddable":true,"href":"http:\/\/www.lanuevaopcion.cl\/index.php?rest_route=%2Fwp%2Fv2%2Fcomments&post=26134"}],"version-history":[{"count":1,"href":"http:\/\/www.lanuevaopcion.cl\/index.php?rest_route=\/wp\/v2\/posts\/26134\/revisions"}],"predecessor-version":[{"id":26135,"href":"http:\/\/www.lanuevaopcion.cl\/index.php?rest_route=\/wp\/v2\/posts\/26134\/revisions\/26135"}],"wp:attachment":[{"href":"http:\/\/www.lanuevaopcion.cl\/index.php?rest_route=%2Fwp%2Fv2%2Fmedia&parent=26134"}],"wp:term":[{"taxonomy":"category","embeddable":true,"href":"http:\/\/www.lanuevaopcion.cl\/index.php?rest_route=%2Fwp%2Fv2%2Fcategories&post=26134"},{"taxonomy":"post_tag","embeddable":true,"href":"http:\/\/www.lanuevaopcion.cl\/index.php?rest_route=%2Fwp%2Fv2%2Ftags&post=26134"}],"curies":[{"name":"wp","href":"https:\/\/api.w.org\/{rel}","templated":true}]}}