{"id":26132,"date":"2020-08-05T14:59:05","date_gmt":"2020-08-05T14:59:05","guid":{"rendered":"http:\/\/www.lanuevaopcion.cl\/?p=26132"},"modified":"2020-08-05T14:59:05","modified_gmt":"2020-08-05T14:59:05","slug":"familiares-de-ambar-recurren-a-vidente-realizaron-excavacion-en-lugar-que-les-indico","status":"publish","type":"post","link":"http:\/\/www.lanuevaopcion.cl\/?p=26132","title":{"rendered":"Familiares de \u00c1mbar recurren a vidente: realizaron excavaci\u00f3n en lugar que les indic\u00f3"},"content":{"rendered":"<p><img loading=\"lazy\" decoding=\"async\"  alt=\"\" src=\"https:\/\/www.lacuarta.com\/wp-content\/uploads\/2020\/08\/A_UNO_1202564-1-390x293.jpg\" class=\"alignleft\" width=\"390\" height=\"293\" \/ class=\"alignleft\" style=\"margin-right:15px;margin-bottom:10px;float:left;\" ><br \/>\nA una semana de la desaparici\u00f3n de \u00c1mbar Conrejo, sus cercanos y familiares recurrieron a la ayuda de una vidente para dar con la joven de 16 a\u00f1os.<\/p>\n<p>Seg\u00fan confirm\u00f3 el capit\u00e1n Alfredo Castillo, de la 6\u00aa Comisar\u00eda de Villa Alemana, \u00ablos familiares han tra\u00eddo una vidente, la cual le da indicaciones de un posible lugar donde pueda estar. Los familiares van a hacer una excavaci\u00f3n dentro de lo que pueden para poder verificar y corroborar los indicios que en este caso estar\u00eda dando la vidente\u00bb.<br \/>\n<!--more--><br \/>\nPese a la intensa b\u00fasqueda liderada por el padre biol\u00f3gico de la adolescente, a\u00fan no hay indicios sobre su paradero.<\/p>\n<p>M\u00c1S SOBRE IMPACTO<br \/>\n\u00abSi yo tuviera un cad\u00e1ver&#8230;\u00bb: la frase del padrastro que aterroriz\u00f3 a t\u00eda de \u00c1mbar en plena b\u00fasqueda5 AGO 2020<br \/>\nAutoridades entregan reporte tras explosi\u00f3n en Beirut: m\u00e1s de 70 muertos y miles de heridos4 AGO 2020<br \/>\nAyer, el programa Hola Chile revel\u00f3 una imagen donde se ver\u00eda a la madre y padrastro de \u00c1mbar llevando una lavadora hasta un sitio eriazo. De acuerdo a la versi\u00f3n de un testigo, el hecho ocurri\u00f3 24 horas despu\u00e9s de la desaparici\u00f3n de la ni\u00f1a.<\/p>\n<p>Sospechas<br \/>\nAdem\u00e1s, se espera que este mi\u00e9rcoles se conozcan los resultados de las pruebas que se realizaron a la prendas con sangre que fueron halladas en el domicilio de la casa de su madre.<\/p>\n<p>Maritza Garc\u00eda, t\u00eda de \u00c1mbar, plante\u00f3 algunas sospechas sobre la madre, debido a \u00abla poca preocupaci\u00f3n que ha presentado, ni siquiera buscarla, estar presente en algunos de los rastreos que hemos hecho\u00bb.<\/p>\n<p>https:\/\/www.lacuarta.com\/cronica\/noticia\/ambar-vidente-realisaron-lugar\/530460\/<br \/>\nFUENTE. LA CUARTA.CL<br \/>\nMEDIO SOLO DIFUSION. FUENTE LEGAL Y ORIGINAL LA CURTA . COM.<\/p>\n","protected":false},"excerpt":{"rendered":"<p>A una semana de la desaparici\u00f3n de \u00c1mbar Conrejo, sus cercanos y familiares recurrieron a la ayuda de una vidente para dar con la joven de 16 a\u00f1os. Seg\u00fan confirm\u00f3 el capit\u00e1n Alfredo Castillo, de la 6\u00aa Comisar\u00eda de Villa Alemana, \u00ablos familiares han tra\u00eddo una vidente, la cual le da indicaciones de un posible [&hellip;]<\/p>\n","protected":false},"author":51,"featured_media":0,"comment_status":"open","ping_status":"open","sticky":false,"template":"","format":"standard","meta":{"footnotes":""},"categories":[8,9,16,30,1,31,11],"tags":[],"class_list":["post-26132","post","type-post","status-publish","format-standard","hentry","category-cultura","category-educacion","category-nacional","category-policial","category-uncategorized","category-salud","category-tendencias"],"_links":{"self":[{"href":"http:\/\/www.lanuevaopcion.cl\/index.php?rest_route=\/wp\/v2\/posts\/26132","targetHints":{"allow":["GET"]}}],"collection":[{"href":"http:\/\/www.lanuevaopcion.cl\/index.php?rest_route=\/wp\/v2\/posts"}],"about":[{"href":"http:\/\/www.lanuevaopcion.cl\/index.php?rest_route=\/wp\/v2\/types\/post"}],"author":[{"embeddable":true,"href":"http:\/\/www.lanuevaopcion.cl\/index.php?rest_route=\/wp\/v2\/users\/51"}],"replies":[{"embeddable":true,"href":"http:\/\/www.lanuevaopcion.cl\/index.php?rest_route=%2Fwp%2Fv2%2Fcomments&post=26132"}],"version-history":[{"count":1,"href":"http:\/\/www.lanuevaopcion.cl\/index.php?rest_route=\/wp\/v2\/posts\/26132\/revisions"}],"predecessor-version":[{"id":26133,"href":"http:\/\/www.lanuevaopcion.cl\/index.php?rest_route=\/wp\/v2\/posts\/26132\/revisions\/26133"}],"wp:attachment":[{"href":"http:\/\/www.lanuevaopcion.cl\/index.php?rest_route=%2Fwp%2Fv2%2Fmedia&parent=26132"}],"wp:term":[{"taxonomy":"category","embeddable":true,"href":"http:\/\/www.lanuevaopcion.cl\/index.php?rest_route=%2Fwp%2Fv2%2Fcategories&post=26132"},{"taxonomy":"post_tag","embeddable":true,"href":"http:\/\/www.lanuevaopcion.cl\/index.php?rest_route=%2Fwp%2Fv2%2Ftags&post=26132"}],"curies":[{"name":"wp","href":"https:\/\/api.w.org\/{rel}","templated":true}]}}