{"id":26026,"date":"2020-07-03T03:15:14","date_gmt":"2020-07-03T03:15:14","guid":{"rendered":"http:\/\/www.lanuevaopcion.cl\/?p=26026"},"modified":"2020-07-03T03:15:48","modified_gmt":"2020-07-03T03:15:48","slug":"fallece-angela-jeria-madre-de-la-expresidenta-michelle-bachelet","status":"publish","type":"post","link":"http:\/\/www.lanuevaopcion.cl\/?p=26026","title":{"rendered":"Fallece \u00c1ngela Jeria, madre de la expresidenta Michelle Bachelet"},"content":{"rendered":"<p><img loading=\"lazy\" decoding=\"async\"  alt=\"\" src=\"https:\/\/www.lacuarta.com\/wp-content\/uploads\/2020\/07\/XG3ETBWEUBH37B25VOWCOMKMQI-390x293.jpg\" class=\"alignleft\" width=\"390\" height=\"293\" \/ class=\"alignleft\" style=\"margin-right:15px;margin-bottom:10px;float:left;\" ><br \/>\nEste jueves se confirm\u00f3 el fallecimiento a los 93 a\u00f1os de \u00c1ngela Jeria, madre de la ex Presidenta Michelle Bachelet.<\/p>\n<p>Jeria fue internada la tarde del mi\u00e9rcoles en el Hospital de la Fuerza \u00c1rea donde permanec\u00eda en estado grave pero con un diagn\u00f3stico que no ten\u00eda relaci\u00f3n con Covid-19.<\/p>\n<p>Seg\u00fan detalla La Tercera, Jeria permaneci\u00f3 en su departamento ubicado en Las Condes cumpliendo la cuarentena preventiva al ser parte del grupo de riesgo. Su nieto Sebasti\u00e1n D\u00e1valos lo apoyaba con las compras.<br \/>\n<!--more--><br \/>\nA trav\u00e9s de un comunicado la Fuerza A\u00e9rea de Chile conform\u00f3 que ayer \u00abfue internada de urgencia con diagn\u00f3stico reservado en el Hospital Cl\u00ednico Institucional\u00bb.<\/p>\n<p>Fallecimiento<br \/>\n\u00abDado su delicado estado de salud y pese a todas las atenciones y cuidados brindados por personal m\u00e9dico de la Fuerza A\u00e9rea de Chile, en horas de esta ma\u00f1ana se produjo su deceso, situaci\u00f3n que fue informada en forma directa a sus familiares quienes la acompa\u00f1aron en todo momento\u00bb, detallaron.<\/p>\n<p>\u00abLa Fuerza A\u00e9rea de Chile junto con lamentar esta irreparable p\u00e9rdida, hace llegar las m\u00e1s sentidas condolencias a todos sus familiares por el sensible fallecimiento de la Sra. \u00c1ngela Jeria G\u00f3mez (Q.E.P.D.)\u00bb, cerraron.<\/p>\n<p>Apoyo a su hija<br \/>\n\u00c1ngela Jeria cumpli\u00f3 un importante rol en el gobierno de su hija Michelle Bachelet. Ella ejerci\u00f3 las funciones de \u201cprimera dama\u201d, lo que fue agradecido por la mandataria.<\/p>\n<p>\u201cGracias a mi madre, que ha sido mi aliada y mi gu\u00eda\u00bb, agradeci\u00f3 dijo Bachelet en su discurso tras ganar las elecciones el 16 de diciembre de 2013.<\/p>\n<p>Tras dejar la presidencia, Jeria se mantuvo activa en actividades pol\u00edticas. Asisti\u00f3 a la \u201cFiesta de los Abrazos\u201d del PC y en 2017 apoy\u00f3 p\u00fablicamente a Alejandro Guillier en su postulaci\u00f3n a la presidencia de Chile.<br \/>\nhttps:\/\/www.lacuarta.com\/cronica\/noticia\/expresidenta-michelle-bachelet\/517913\/<br \/>\nFUENTE. LA CUARTA.COM<br \/>\nMEDIO DE DIFUSION ; FUENTE LEGAL Y ORIGINAL DE LA .CUARTA.COM ( MEDIO SIN FIN DE LUCRO ALGUNO)<\/p>\n","protected":false},"excerpt":{"rendered":"<p>Este jueves se confirm\u00f3 el fallecimiento a los 93 a\u00f1os de \u00c1ngela Jeria, madre de la ex Presidenta Michelle Bachelet. Jeria fue internada la tarde del mi\u00e9rcoles en el Hospital de la Fuerza \u00c1rea donde permanec\u00eda en estado grave pero con un diagn\u00f3stico que no ten\u00eda relaci\u00f3n con Covid-19. Seg\u00fan detalla La Tercera, Jeria permaneci\u00f3 [&hellip;]<\/p>\n","protected":false},"author":51,"featured_media":0,"comment_status":"open","ping_status":"open","sticky":false,"template":"","format":"standard","meta":{"footnotes":""},"categories":[8,9,5,16,1,31,11],"tags":[568,567,569,566],"class_list":["post-26026","post","type-post","status-publish","format-standard","hentry","category-cultura","category-educacion","category-internacional","category-nacional","category-uncategorized","category-salud","category-tendencias","tag-fallecimiento-sra-angela-jeria","tag-la-nueva-opcion-expresa-respetos-a-su-familia","tag-mama-de-ex-presidenta","tag-qepd"],"_links":{"self":[{"href":"http:\/\/www.lanuevaopcion.cl\/index.php?rest_route=\/wp\/v2\/posts\/26026","targetHints":{"allow":["GET"]}}],"collection":[{"href":"http:\/\/www.lanuevaopcion.cl\/index.php?rest_route=\/wp\/v2\/posts"}],"about":[{"href":"http:\/\/www.lanuevaopcion.cl\/index.php?rest_route=\/wp\/v2\/types\/post"}],"author":[{"embeddable":true,"href":"http:\/\/www.lanuevaopcion.cl\/index.php?rest_route=\/wp\/v2\/users\/51"}],"replies":[{"embeddable":true,"href":"http:\/\/www.lanuevaopcion.cl\/index.php?rest_route=%2Fwp%2Fv2%2Fcomments&post=26026"}],"version-history":[{"count":4,"href":"http:\/\/www.lanuevaopcion.cl\/index.php?rest_route=\/wp\/v2\/posts\/26026\/revisions"}],"predecessor-version":[{"id":26030,"href":"http:\/\/www.lanuevaopcion.cl\/index.php?rest_route=\/wp\/v2\/posts\/26026\/revisions\/26030"}],"wp:attachment":[{"href":"http:\/\/www.lanuevaopcion.cl\/index.php?rest_route=%2Fwp%2Fv2%2Fmedia&parent=26026"}],"wp:term":[{"taxonomy":"category","embeddable":true,"href":"http:\/\/www.lanuevaopcion.cl\/index.php?rest_route=%2Fwp%2Fv2%2Fcategories&post=26026"},{"taxonomy":"post_tag","embeddable":true,"href":"http:\/\/www.lanuevaopcion.cl\/index.php?rest_route=%2Fwp%2Fv2%2Ftags&post=26026"}],"curies":[{"name":"wp","href":"https:\/\/api.w.org\/{rel}","templated":true}]}}