{"id":25887,"date":"2020-05-30T09:50:48","date_gmt":"2020-05-30T09:50:48","guid":{"rendered":"http:\/\/www.lanuevaopcion.cl\/?p=25887"},"modified":"2020-05-30T09:58:58","modified_gmt":"2020-05-30T09:58:58","slug":"trump-anuncia-que-eeuu-pone-fin-a-su-relacion-con-la-oms","status":"publish","type":"post","link":"http:\/\/www.lanuevaopcion.cl\/?p=25887","title":{"rendered":"TRUMP ANUNCIA QUE EEUU PONE FIN A SU RELACI\u00d3N CON LA OMS"},"content":{"rendered":"<p><img loading=\"lazy\" decoding=\"async\"  alt=\"\" src=\"https:\/\/www.infobae.com\/new-resizer\/OyxSekREMAL6qp0yW8ylomLaNkw=\/420x280\/filters:format(jpg):quality(70)\/\/arc-anglerfish-arc2-prod-infobae.s3.amazonaws.com\/public\/4P2ZHVGOEZHWDAWCN2QUBLTXXM.jpg\" class=\"alignleft\" width=\"420\" height=\"280\" \/ class=\"alignleft\" style=\"margin-right:15px;margin-bottom:10px;float:left;\" ><br \/>\nEl presidente de Estados Unidos, Donald Trump, anunci\u00f3 este viernes el fin de la relaci\u00f3n entre su pa\u00eds y la Organizaci\u00f3n Mundial de la Salud (OMS), a la que acusa desde el comienzo de la pandemia del coronavirus de ser demasiado indulgente con Pek\u00edn.<br \/>\n<!--more--><br \/>\n\u201cDebido a que no han realizado las reformas solicitadas y muy necesarias, terminaremos nuestra relaci\u00f3n con la Organizaci\u00f3n Mundial de la Salud y redirigiremos esos fondos a otras necesidades salud p\u00fablica mundial urgentes y globales\u201d, dijo Trump en declaraciones a la prensa.<\/p>\n<blockquote class=\"wp-embedded-content\" data-secret=\"0fDMDYUJWp\"><p><a href=\"https:\/\/www.lanacion.cl\/trump-anuncia-que-eeuu-pone-fin-a-su-relacion-con-la-oms\/\">Trump anuncia que EEUU pone fin a su relaci\u00f3n con la OMS<\/a><\/p><\/blockquote>\n<p><iframe loading=\"lazy\" class=\"wp-embedded-content\" sandbox=\"allow-scripts\" security=\"restricted\" style=\"position: absolute; visibility: hidden;\" title=\"&#8220;Trump anuncia que EEUU pone fin a su relaci\u00f3n con la OMS&#8221; &#8212; La Naci\u00f3n\" src=\"https:\/\/www.lanacion.cl\/trump-anuncia-que-eeuu-pone-fin-a-su-relacion-con-la-oms\/embed\/#?secret=7wAEjtCdlJ#?secret=0fDMDYUJWp\" data-secret=\"0fDMDYUJWp\" width=\"500\" height=\"282\" frameborder=\"0\" marginwidth=\"0\" marginheight=\"0\" scrolling=\"no\"><\/iframe><br \/>\nFUENTE. LA NACION.CL<br \/>\nFOTO REFERENCIAL: https:\/\/www.infobae.com\/.<br \/>\nMEDIO SOLO INFORMATIVO, SIN FIN DE LUCRO ALGUNO.!!<\/p>\n","protected":false},"excerpt":{"rendered":"<p>El presidente de Estados Unidos, Donald Trump, anunci\u00f3 este viernes el fin de la relaci\u00f3n entre su pa\u00eds y la Organizaci\u00f3n Mundial de la Salud (OMS), a la que acusa desde el comienzo de la pandemia del coronavirus de ser demasiado indulgente con Pek\u00edn.<\/p>\n","protected":false},"author":51,"featured_media":0,"comment_status":"open","ping_status":"open","sticky":false,"template":"","format":"standard","meta":{"footnotes":""},"categories":[4,5,16,1,31,11],"tags":[535,147,532],"class_list":["post-25887","post","type-post","status-publish","format-standard","hentry","category-economia","category-internacional","category-nacional","category-uncategorized","category-salud","category-tendencias","tag-covid-19","tag-eeuu","tag-oms"],"_links":{"self":[{"href":"http:\/\/www.lanuevaopcion.cl\/index.php?rest_route=\/wp\/v2\/posts\/25887","targetHints":{"allow":["GET"]}}],"collection":[{"href":"http:\/\/www.lanuevaopcion.cl\/index.php?rest_route=\/wp\/v2\/posts"}],"about":[{"href":"http:\/\/www.lanuevaopcion.cl\/index.php?rest_route=\/wp\/v2\/types\/post"}],"author":[{"embeddable":true,"href":"http:\/\/www.lanuevaopcion.cl\/index.php?rest_route=\/wp\/v2\/users\/51"}],"replies":[{"embeddable":true,"href":"http:\/\/www.lanuevaopcion.cl\/index.php?rest_route=%2Fwp%2Fv2%2Fcomments&post=25887"}],"version-history":[{"count":5,"href":"http:\/\/www.lanuevaopcion.cl\/index.php?rest_route=\/wp\/v2\/posts\/25887\/revisions"}],"predecessor-version":[{"id":25892,"href":"http:\/\/www.lanuevaopcion.cl\/index.php?rest_route=\/wp\/v2\/posts\/25887\/revisions\/25892"}],"wp:attachment":[{"href":"http:\/\/www.lanuevaopcion.cl\/index.php?rest_route=%2Fwp%2Fv2%2Fmedia&parent=25887"}],"wp:term":[{"taxonomy":"category","embeddable":true,"href":"http:\/\/www.lanuevaopcion.cl\/index.php?rest_route=%2Fwp%2Fv2%2Fcategories&post=25887"},{"taxonomy":"post_tag","embeddable":true,"href":"http:\/\/www.lanuevaopcion.cl\/index.php?rest_route=%2Fwp%2Fv2%2Ftags&post=25887"}],"curies":[{"name":"wp","href":"https:\/\/api.w.org\/{rel}","templated":true}]}}