{"id":25883,"date":"2020-05-29T13:20:25","date_gmt":"2020-05-29T13:20:25","guid":{"rendered":"http:\/\/www.lanuevaopcion.cl\/?p=25883"},"modified":"2020-05-29T13:20:25","modified_gmt":"2020-05-29T13:20:25","slug":"briones-e-ingreso-familiar-de-emergencia-%e2%80%9csi-es-necesario-extender-este-beneficio-asi-lo-haremos%e2%80%9d","status":"publish","type":"post","link":"http:\/\/www.lanuevaopcion.cl\/?p=25883","title":{"rendered":"BRIONES E INGRESO FAMILIAR DE EMERGENCIA: \u201cSI ES NECESARIO EXTENDER ESTE BENEFICIO, AS\u00cd LO HAREMOS\u201d"},"content":{"rendered":"<p><img loading=\"lazy\" decoding=\"async\"  alt=\"\" src=\"http:\/\/lanacion.cl\/wp-content\/uploads\/2020\/05\/Cuenta-P%C3%BAblica-Ministro-de-Hacienda-Ignacio-Briones-324x160.jpg\" class=\"alignleft\" width=\"324\" height=\"160\" \/ class=\"alignleft\" style=\"margin-right:15px;margin-bottom:10px;float:left;\" ><br \/>\nEl ministro de Hacienda, Ignacio Briones, no descart\u00f3 extender algunos de los beneficios que est\u00e1 otorgando el Gobierno para contribuir a que las familias m\u00e1s golpeadas por la crisis sanitaria, econ\u00f3mica y social puedan sobrellevar los efectos de la pandemia por el Covid-19.<br \/>\n<!--more--><br \/>\n\u201cQuiero decirlo con fuerza, lo ha dicho el Presidente, el Estado y el Gobierno van a estar ah\u00ed para complementar los ingresos de las familias cada vez que sea necesario\u201d, reafirm\u00f3 el secretario de Estado, y que respeto del Ingreso Familiar de Emergencia, \u201csi es necesario extender este beneficio en luego de tres meses, as\u00ed lo haremos\u201d.<\/p>\n<p>El jefe de las finanzas p\u00fablicas abord\u00f3 esta materia durante la cuenta p\u00fablica de su cartera realizada a distancia, donde detall\u00f3 la gesti\u00f3n realizada en cuanto a los alcances econ\u00f3micos del estallido social y en la emergencia sanitaria que ha llevado al Ejecutivo a desembolsar m\u00e1s recursos para hacerle frente.<\/p>\n<p>Tras finalizar ese ejercicio, Briones profundiz\u00f3 en el aporte que ya se est\u00e1 entregando por medio de un bono mensual de $65 mil para cada uno de los miembros de las familias m\u00e1s vulnerables del pa\u00eds durante el primer mes, lo que ir\u00e1 decreciendo con una duraci\u00f3n de tres meses.<\/p>\n<p>\u201cEsto es una pel\u00edcula y no una foto, uno no se casa con los instrumentos. Hoy d\u00eda tenemos un horizonte de tres meses con el Ingreso Familiar de Emergencia, pero si el d\u00eda de ma\u00f1ana la situaci\u00f3n de confinamiento se prolonga, por supuesto que vamos a estar ah\u00ed para generar las medidas, incluyendo una eventual extensi\u00f3n de este programa\u201d, indic\u00f3 el ministro.<\/p>\n<p>Subray\u00f3 que esa prolongaci\u00f3n de la ayuda podr\u00eda abarcar todas las medidas que ha implementado el Gobierno para paliar los efectos del coronavirus. \u201cEstos instrumentos van a tener que adaptarse a esta pel\u00edcula y a sus cap\u00edtulos que iremos conociendo. Esto no es nada diferente a lo que hemos transmitido en las semanas y meses previos\u201d.<\/p>\n<p>Tambi\u00e9n precis\u00f3 que \u201cel Estado va a estar para apoyar cada vez que sea necesario, pero, insisto, con flexibilidad dependiendo de los distintos momentos y cap\u00edtulos de esta pandemia que se llama covid-19\u201d, concluy\u00f3.<br \/>\nhttp:\/\/lanacion.cl\/2020\/05\/28\/briones-e-ingreso-familiar-de-emergencia-si-es-necesario-extender-este-beneficio-asi-lo-haremos\/<br \/>\nFUENTE. LA NACION.CL <\/p>\n","protected":false},"excerpt":{"rendered":"<p>El ministro de Hacienda, Ignacio Briones, no descart\u00f3 extender algunos de los beneficios que est\u00e1 otorgando el Gobierno para contribuir a que las familias m\u00e1s golpeadas por la crisis sanitaria, econ\u00f3mica y social puedan sobrellevar los efectos de la pandemia por el Covid-19.<\/p>\n","protected":false},"author":51,"featured_media":0,"comment_status":"open","ping_status":"open","sticky":false,"template":"","format":"standard","meta":{"footnotes":""},"categories":[8,9,5,16,1,31,11],"tags":[446],"class_list":["post-25883","post","type-post","status-publish","format-standard","hentry","category-cultura","category-educacion","category-internacional","category-nacional","category-uncategorized","category-salud","category-tendencias","tag-ministro-de-hacienda"],"_links":{"self":[{"href":"http:\/\/www.lanuevaopcion.cl\/index.php?rest_route=\/wp\/v2\/posts\/25883","targetHints":{"allow":["GET"]}}],"collection":[{"href":"http:\/\/www.lanuevaopcion.cl\/index.php?rest_route=\/wp\/v2\/posts"}],"about":[{"href":"http:\/\/www.lanuevaopcion.cl\/index.php?rest_route=\/wp\/v2\/types\/post"}],"author":[{"embeddable":true,"href":"http:\/\/www.lanuevaopcion.cl\/index.php?rest_route=\/wp\/v2\/users\/51"}],"replies":[{"embeddable":true,"href":"http:\/\/www.lanuevaopcion.cl\/index.php?rest_route=%2Fwp%2Fv2%2Fcomments&post=25883"}],"version-history":[{"count":1,"href":"http:\/\/www.lanuevaopcion.cl\/index.php?rest_route=\/wp\/v2\/posts\/25883\/revisions"}],"predecessor-version":[{"id":25884,"href":"http:\/\/www.lanuevaopcion.cl\/index.php?rest_route=\/wp\/v2\/posts\/25883\/revisions\/25884"}],"wp:attachment":[{"href":"http:\/\/www.lanuevaopcion.cl\/index.php?rest_route=%2Fwp%2Fv2%2Fmedia&parent=25883"}],"wp:term":[{"taxonomy":"category","embeddable":true,"href":"http:\/\/www.lanuevaopcion.cl\/index.php?rest_route=%2Fwp%2Fv2%2Fcategories&post=25883"},{"taxonomy":"post_tag","embeddable":true,"href":"http:\/\/www.lanuevaopcion.cl\/index.php?rest_route=%2Fwp%2Fv2%2Ftags&post=25883"}],"curies":[{"name":"wp","href":"https:\/\/api.w.org\/{rel}","templated":true}]}}