{"id":25881,"date":"2020-05-28T09:44:58","date_gmt":"2020-05-28T09:44:58","guid":{"rendered":"http:\/\/www.lanuevaopcion.cl\/?p=25881"},"modified":"2020-05-28T09:44:58","modified_gmt":"2020-05-28T09:44:58","slug":"mantienen-cuarentena-en-la-rm-iquique-alto-hospicio-y-lonquimay-y-se-levanta-en-antofagasta-y-mejillones","status":"publish","type":"post","link":"http:\/\/www.lanuevaopcion.cl\/?p=25881","title":{"rendered":"MANTIENEN CUARENTENA EN LA RM, IQUIQUE, ALTO HOSPICIO Y LONQUIMAY, Y SE LEVANTA EN ANTOFAGASTA Y MEJILLONES"},"content":{"rendered":"<p><img loading=\"lazy\" decoding=\"async\"  alt=\"\" src=\"http:\/\/lanacion.cl\/wp-content\/uploads\/2020\/05\/Cuarentea-en-Santiago-324x160.jpg\" class=\"alignleft\" width=\"324\" height=\"160\" \/ class=\"alignleft\" style=\"margin-right:15px;margin-bottom:10px;float:left;\" ><br \/>\nLas ciudades de Antofagasta y Mejillones saldr\u00e1n de la cuarentena de 21 d\u00edas dispuesta por la autoridad sanitaria, luego que evidenciaran una disminuci\u00f3n de casos positivos de coronavirus, pero las comunas de las regiones de Tarapac\u00e1, Metropolitana y La Araucan\u00eda bajo la medida seguir\u00e1n confinadas.<br \/>\n<!--more--><br \/>\nAs\u00ed lo anunci\u00f3 este mi\u00e9rcoles el ministro de Salud, Jaime Ma\u00f1alich, durante el balance diario que entrega el Gobierno sobre la situaci\u00f3n de la epidemia en el pa\u00eds, indicando que en el caso las localidades de la Regi\u00f3n de Antofagasta, ha funcionado el aislamiento que concluir\u00e1 este viernes, al iniciarse el toque de queda que rige desde las 22:00 horas y hasta las 5:00 horas en todo el pa\u00eds.<\/p>\n<p>El secretario de Estado puntualiz\u00f3 que la disposici\u00f3n se mantendr\u00e1 en Iquique y Alto Hospicio en el norte, y en la de Lonquimay, Regi\u00f3n de La Araucan\u00eda al igual que en las 38 comunas del Gran Santiago.<\/p>\n<p>Ma\u00f1alich puntualiz\u00f3 que aunque en \u00e9sta \u00faltima zona se ha visto un descenso de contagiados, a\u00fan no es posible determinar a\u00fan la efectividad de la medida, dadas las situaciones que se han visto como protestas, fiestas y otras acciones que muestran que muchas personas a\u00fan no toman conciencia de la gravedad de la emergencia sanitaria.<\/p>\n<p>Asimismo, dijo que se levantar\u00e1n los cordones sanitarios de Temuco y Padre Las Casas en La Araucan\u00eda, y que se mantendr\u00e1n los de San Antonio, Chilo\u00e9, Puerto Williams y Punta Arenas.<\/p>\n<p>Inform\u00f3 tambi\u00e9n que este jueves se firmar\u00e1 el decreto que permite a los padres de los menores de edad hospitalizados con una condici\u00f3n de discapacidad acreditada, que puedan visitarlos dos veces por semana para que estos pacientes no resientan la falta de sus progenitores en medio de estrictas medidas sanitarias.<\/p>\n<p>DESCARTAN CUARENTENA TOTAL EN VALPARA\u00cdSO<br \/>\nEn relaci\u00f3n a la situaci\u00f3n de la Regi\u00f3n de Valpara\u00edso, cuyas autoridades insistentemente han pedido que se declare en confinamiento para evitar la propagaci\u00f3n de contagios, la autoridad descart\u00f3 tal posibilidad, considerando que hasta ahora registra 683 personas como casos activos, contagiantes, para una poblaci\u00f3n total de 770 mil habitantes.<\/p>\n<p>Subray\u00f3 que se acentuar\u00e1 el cord\u00f3n sanitario que ya tiene San Antonio, al mismo tiempo que reforzar\u00e1 la medida de residencia sanitaria obligatoria para todas estas personas y sus contactos, y van a ser trasladados a estos lugares entre este mi\u00e9rcoles y el d\u00eda domingo a m\u00e1s tardar.<\/p>\n<p>\u201cLos datos num\u00e9ricos que tenemos hoy d\u00eda no avalan todav\u00eda la dictaci\u00f3n de una cuarentena total\u201d, insisti\u00f3 Ma\u00f1alich, a\u00f1adiendo que si llegamos a tener cuarentena es porque todas estas medidas de precauci\u00f3n, de aislamiento, de conciencia ciudadana, no est\u00e1n siendo respetadas\u201d.<\/p>\n<p>Enfatiz\u00f3 que gran parte de la responsabilidad de lo que ocurra en la Regi\u00f3n de Valpara\u00edso depende de que estas medidas efectivamente sean acatadas.<\/p>\n<p>Requerido sobre la posibilidad de estar ad portas de una \u201cBatalla por Valpara\u00edso\u201d, el secretario de Estado argument\u00f3 que \u201cla incidencia de nuevos casos no tiene comparaci\u00f3n con lo que est\u00e1 ocurriendo en la Regi\u00f3n Metropolitana. Las guerras o las batallas hay que librarlas con los instrumentos que corresponden en su momento\u201d, agreg\u00f3.<\/p>\n<p>Insisti\u00f3 en que \u201cesto es extraordinariamente dependiente de que efectivamente, como de alguna manera vemos en la comuna de Vi\u00f1a del Mar y Valpara\u00edso y no en la de San Antonio, tengamos una tendencia favorable en los pr\u00f3ximos d\u00edas gracias a la conducta de las personas y a la vigilancia que hacen los municipios, las Fuerzas Armadas y Carabineros para el respeto de estas medidas decretadas y que son claras para todo el mundo\u201d, concluy\u00f3.<br \/>\nhttp:\/\/lanacion.cl\/2020\/05\/27\/mantienen-cuarentena-en-la-rm-iquique-alto-hospicio-y-lonquimay-y-se-levanta-en-antofagasta-y-mejillones\/<br \/>\nFUENTE. LA NACION.CL<\/p>\n","protected":false},"excerpt":{"rendered":"<p>Las ciudades de Antofagasta y Mejillones saldr\u00e1n de la cuarentena de 21 d\u00edas dispuesta por la autoridad sanitaria, luego que evidenciaran una disminuci\u00f3n de casos positivos de coronavirus, pero las comunas de las regiones de Tarapac\u00e1, Metropolitana y La Araucan\u00eda bajo la medida seguir\u00e1n confinadas.<\/p>\n","protected":false},"author":51,"featured_media":0,"comment_status":"open","ping_status":"open","sticky":false,"template":"","format":"standard","meta":{"footnotes":""},"categories":[8,4,16,1,31,11],"tags":[535,556],"class_list":["post-25881","post","type-post","status-publish","format-standard","hentry","category-cultura","category-economia","category-nacional","category-uncategorized","category-salud","category-tendencias","tag-covid-19","tag-cuarentena-total-rm"],"_links":{"self":[{"href":"http:\/\/www.lanuevaopcion.cl\/index.php?rest_route=\/wp\/v2\/posts\/25881","targetHints":{"allow":["GET"]}}],"collection":[{"href":"http:\/\/www.lanuevaopcion.cl\/index.php?rest_route=\/wp\/v2\/posts"}],"about":[{"href":"http:\/\/www.lanuevaopcion.cl\/index.php?rest_route=\/wp\/v2\/types\/post"}],"author":[{"embeddable":true,"href":"http:\/\/www.lanuevaopcion.cl\/index.php?rest_route=\/wp\/v2\/users\/51"}],"replies":[{"embeddable":true,"href":"http:\/\/www.lanuevaopcion.cl\/index.php?rest_route=%2Fwp%2Fv2%2Fcomments&post=25881"}],"version-history":[{"count":1,"href":"http:\/\/www.lanuevaopcion.cl\/index.php?rest_route=\/wp\/v2\/posts\/25881\/revisions"}],"predecessor-version":[{"id":25882,"href":"http:\/\/www.lanuevaopcion.cl\/index.php?rest_route=\/wp\/v2\/posts\/25881\/revisions\/25882"}],"wp:attachment":[{"href":"http:\/\/www.lanuevaopcion.cl\/index.php?rest_route=%2Fwp%2Fv2%2Fmedia&parent=25881"}],"wp:term":[{"taxonomy":"category","embeddable":true,"href":"http:\/\/www.lanuevaopcion.cl\/index.php?rest_route=%2Fwp%2Fv2%2Fcategories&post=25881"},{"taxonomy":"post_tag","embeddable":true,"href":"http:\/\/www.lanuevaopcion.cl\/index.php?rest_route=%2Fwp%2Fv2%2Ftags&post=25881"}],"curies":[{"name":"wp","href":"https:\/\/api.w.org\/{rel}","templated":true}]}}