{"id":25879,"date":"2020-05-28T09:39:54","date_gmt":"2020-05-28T09:39:54","guid":{"rendered":"http:\/\/www.lanuevaopcion.cl\/?p=25879"},"modified":"2020-05-28T09:39:54","modified_gmt":"2020-05-28T09:39:54","slug":"pinera-y-autocritica-por-gestion-del-covid-19-%e2%80%9chemos-cometido-errores-por-supuesto-que-si%e2%80%9d","status":"publish","type":"post","link":"http:\/\/www.lanuevaopcion.cl\/?p=25879","title":{"rendered":"PI\u00d1ERA Y AUTOCR\u00cdTICA POR GESTI\u00d3N DEL COVID-19: \u201cHEMOS COMETIDO ERRORES, POR SUPUESTO QUE S\u00cd\u201d"},"content":{"rendered":"<p><img loading=\"lazy\" decoding=\"async\"  alt=\"\" src=\"http:\/\/lanacion.cl\/wp-content\/uploads\/2020\/05\/Presidente-Sebasti%C3%A1n-Pi%C3%B1era-ATON-1-1-324x160.jpg\" class=\"alignleft\" width=\"324\" height=\"160\" \/ class=\"alignleft\" style=\"margin-right:15px;margin-bottom:10px;float:left;\" ><br \/>\n\u201cHemos cometido errores\u201d, admiti\u00f3 este mi\u00e9rcoles el Presidente Sebasti\u00e1n Pi\u00f1era, al hacer una autocr\u00edtica al manejo que ha hecho su administraci\u00f3n de la emergencia sanitaria generada por el coronavirus en el pa\u00eds, al tiempo que destac\u00f3 las redes de protecci\u00f3n sanitaria y de protecci\u00f3n social para enfrentar la pandemia.<br \/>\n<!--more--><br \/>\nDurante una visita a una de las residencias sanitarias dispuestas en la comuna de Providencia, el Mandatario abord\u00f3 la contingencia nacional, junto a la subsecretaria de Salud P\u00fablica, Paula Daza, y la alcaldesa Evelyn Matthei.<\/p>\n<p>En cuanto al reconocimiento efectuado por el ministro de Salud, Jaime Ma\u00f1alich, en cuanto a que las proyecciones de la cartera sobre la pandemia fueron ampliamente superadas, Pi\u00f1era asinti\u00f3 diciendo que \u201chan estado muy equivocadas, ahora el Gobierno hace autocr\u00edticas, por supuesto que s\u00ed, llevamos mucho tiempo viviendo tiempos extraordinariamente dif\u00edciles, exigentes\u201d.<\/p>\n<p>Reiter\u00f3 que el pa\u00eds enfrenta la peor amenaza sanitaria de los \u00faltimos cien a\u00f1os, la peor recesi\u00f3n econ\u00f3mica mundial y, \u201cpor supuesto, el Gobierno tambi\u00e9n est\u00e1 muy exigido\u201d.<\/p>\n<p>\u201cHemos cometido errores, por supuesto que s\u00ed, pero tambi\u00e9n quiero decir que me siento orgulloso de lo que hemos hecho todos los chilenos, en poco m\u00e1s de tres meses hemos construido una red de protecci\u00f3n para la salud de los chilenos y una red de protecci\u00f3n social para la calidad de vida de los chilenos\u201d, acot\u00f3.<\/p>\n<p>A\u00f1adi\u00f3 que \u00e9l y sus colaboradores saben que \u201cnada es suficiente y por eso estamos muy conscientes de que todo lo que hacemos es un alivio, es un apoyo, pero no es algo que resuelva los problemas. Solo juntos y unidos vamos a resolver los problemas\u201d.<\/p>\n<p>Por ello, enfatiz\u00f3, el Ejecutivo llam\u00f3 a todos los sectores un gran acuerdo nacional \u201cpara enfrentar con unidad los desaf\u00edos de ma\u00f1ana\u201d.<\/p>\n<p>Asimismo, el gobernante se refiri\u00f3 al desempleo en el Gran Santiago que en marzo alcanz\u00f3 al 15,6%, cifra que calific\u00f3 como \u201cun problema grav\u00edsimo, y por eso quiero decirles a todas esas personas que han perdido el trabajo, nuestra preocupaci\u00f3n, nuestra ocupaci\u00f3n todos los d\u00edas es proteger a las personas que est\u00e1n sufriendo, que lo est\u00e1n pasando mal, producto de esta doble pandemia sanitaria y social\u201d.<br \/>\nhttp:\/\/lanacion.cl\/2020\/05\/27\/pinera-y-autocritica-por-gestion-del-covid-19-hemos-cometido-errores-por-supuesto-que-si\/<br \/>\nFUENTE. LA NACION.CL<\/p>\n","protected":false},"excerpt":{"rendered":"<p>\u201cHemos cometido errores\u201d, admiti\u00f3 este mi\u00e9rcoles el Presidente Sebasti\u00e1n Pi\u00f1era, al hacer una autocr\u00edtica al manejo que ha hecho su administraci\u00f3n de la emergencia sanitaria generada por el coronavirus en el pa\u00eds, al tiempo que destac\u00f3 las redes de protecci\u00f3n sanitaria y de protecci\u00f3n social para enfrentar la pandemia.<\/p>\n","protected":false},"author":51,"featured_media":0,"comment_status":"open","ping_status":"open","sticky":false,"template":"","format":"standard","meta":{"footnotes":""},"categories":[8,4,5,16,1,31,11],"tags":[535,165],"class_list":["post-25879","post","type-post","status-publish","format-standard","hentry","category-cultura","category-economia","category-internacional","category-nacional","category-uncategorized","category-salud","category-tendencias","tag-covid-19","tag-gobierno"],"_links":{"self":[{"href":"http:\/\/www.lanuevaopcion.cl\/index.php?rest_route=\/wp\/v2\/posts\/25879","targetHints":{"allow":["GET"]}}],"collection":[{"href":"http:\/\/www.lanuevaopcion.cl\/index.php?rest_route=\/wp\/v2\/posts"}],"about":[{"href":"http:\/\/www.lanuevaopcion.cl\/index.php?rest_route=\/wp\/v2\/types\/post"}],"author":[{"embeddable":true,"href":"http:\/\/www.lanuevaopcion.cl\/index.php?rest_route=\/wp\/v2\/users\/51"}],"replies":[{"embeddable":true,"href":"http:\/\/www.lanuevaopcion.cl\/index.php?rest_route=%2Fwp%2Fv2%2Fcomments&post=25879"}],"version-history":[{"count":1,"href":"http:\/\/www.lanuevaopcion.cl\/index.php?rest_route=\/wp\/v2\/posts\/25879\/revisions"}],"predecessor-version":[{"id":25880,"href":"http:\/\/www.lanuevaopcion.cl\/index.php?rest_route=\/wp\/v2\/posts\/25879\/revisions\/25880"}],"wp:attachment":[{"href":"http:\/\/www.lanuevaopcion.cl\/index.php?rest_route=%2Fwp%2Fv2%2Fmedia&parent=25879"}],"wp:term":[{"taxonomy":"category","embeddable":true,"href":"http:\/\/www.lanuevaopcion.cl\/index.php?rest_route=%2Fwp%2Fv2%2Fcategories&post=25879"},{"taxonomy":"post_tag","embeddable":true,"href":"http:\/\/www.lanuevaopcion.cl\/index.php?rest_route=%2Fwp%2Fv2%2Ftags&post=25879"}],"curies":[{"name":"wp","href":"https:\/\/api.w.org\/{rel}","templated":true}]}}