{"id":25877,"date":"2020-05-27T15:29:54","date_gmt":"2020-05-27T15:29:54","guid":{"rendered":"http:\/\/www.lanuevaopcion.cl\/?p=25877"},"modified":"2020-05-27T15:29:54","modified_gmt":"2020-05-27T15:29:54","slug":"senado-aprobo-limite-a-reeleccion-pero-sin-retroactividad-por-falta-de-quorum","status":"publish","type":"post","link":"http:\/\/www.lanuevaopcion.cl\/?p=25877","title":{"rendered":"SENADO APROB\u00d3 L\u00cdMITE A REELECCI\u00d3N, PERO SIN RETROACTIVIDAD POR FALTA DE QUORUM"},"content":{"rendered":"<p><img loading=\"lazy\" decoding=\"async\"  alt=\"\" src=\"http:\/\/lanacion.cl\/wp-content\/uploads\/2020\/05\/senado-aton-1-324x160.jpg\" class=\"alignleft\" width=\"324\" height=\"160\" \/ class=\"alignleft\" style=\"margin-right:15px;margin-bottom:10px;float:left;\" ><br \/>\nPor 35 votos a favor, 7 en contra y 1 abstenci\u00f3n, la Sala del Senado aprob\u00f3 el proyecto de reforma constitucional que limita la reelecci\u00f3n sucesiva de senadores, diputados, alcaldes, consejeros regionales y concejales.<\/p>\n<p>Sin embargo, por no alcanzar el quorum requerido de 26 votos, no prosper\u00f3 una disposici\u00f3n transitoria que establec\u00eda el c\u00f3mputo de los per\u00edodos anteriores, es decir, la retroactividad, disposici\u00f3n que tuvo 22 votos a favor, 7 en contra y 12 abstenciones.<br \/>\n<!--more--><br \/>\nAsimismo, se realiz\u00f3 una tercera votaci\u00f3n de la norma aprobada en general por la Sala que establec\u00eda que se considerar\u00e1 el actual per\u00edodo de las autoridades como el primero. Dicha norma no se aprob\u00f3 pues obtuvo 10 votos a favor, 24 en contra y 9 abstenciones.<\/p>\n<p>Finalmente, se rechaz\u00f3 por unanimidad una disposici\u00f3n similar aprobada por la C\u00e1mara de Diputados, lo que anticipa que el tema deber\u00e1 ser zanjado en una comisi\u00f3n mixta.<\/p>\n<p>La iniciativa, que qued\u00f3 en condiciones de seguir su tercer tr\u00e1mite en la C\u00e1mara de Diputados, establece que los diputados, consejeros regionales, alcaldes y concejales podr\u00e1n ser reelegidos sucesivamente en el cargo hasta por dos per\u00edodos, mientras que los senadores podr\u00e1n ser reelegidos sucesivamente en el cargo hasta por un per\u00edodo.<\/p>\n<p>El debate, que se extendi\u00f3 hasta pasada la medianoche, estuvo centrado fundamentalmente en la oportunidad en que se comenzar\u00e1n a computar los per\u00edodos de las autoridades que menciona la reforma.<\/p>\n<p>Respecto del l\u00edmite a la reelecci\u00f3n los argumentos a favor coinciden en que es necesario dar una \u201cse\u00f1al\u201d y recoger la opini\u00f3n de la ciudadan\u00eda en materia de \u201crenovaci\u00f3n de la pol\u00edtica\u201d, mientras que quienes se manifestaron en contra se\u00f1alaron que \u201ces la ciudadan\u00eda la que debe tener el derecho de elegir o no elegir a alg\u00fan candidato\u201d.<br \/>\nhttp:\/\/lanacion.cl\/2020\/05\/27\/senado-aprobo-limite-a-reeleccion-pero-sin-retroactividad-por-falta-de-quorum\/<br \/>\nFUENTE. LA NACION.CL <\/p>\n","protected":false},"excerpt":{"rendered":"<p>Por 35 votos a favor, 7 en contra y 1 abstenci\u00f3n, la Sala del Senado aprob\u00f3 el proyecto de reforma constitucional que limita la reelecci\u00f3n sucesiva de senadores, diputados, alcaldes, consejeros regionales y concejales. Sin embargo, por no alcanzar el quorum requerido de 26 votos, no prosper\u00f3 una disposici\u00f3n transitoria que establec\u00eda el c\u00f3mputo de [&hellip;]<\/p>\n","protected":false},"author":51,"featured_media":0,"comment_status":"open","ping_status":"open","sticky":false,"template":"","format":"standard","meta":{"footnotes":""},"categories":[8,4,16,1,11],"tags":[378],"class_list":["post-25877","post","type-post","status-publish","format-standard","hentry","category-cultura","category-economia","category-nacional","category-uncategorized","category-tendencias","tag-senadores"],"_links":{"self":[{"href":"http:\/\/www.lanuevaopcion.cl\/index.php?rest_route=\/wp\/v2\/posts\/25877","targetHints":{"allow":["GET"]}}],"collection":[{"href":"http:\/\/www.lanuevaopcion.cl\/index.php?rest_route=\/wp\/v2\/posts"}],"about":[{"href":"http:\/\/www.lanuevaopcion.cl\/index.php?rest_route=\/wp\/v2\/types\/post"}],"author":[{"embeddable":true,"href":"http:\/\/www.lanuevaopcion.cl\/index.php?rest_route=\/wp\/v2\/users\/51"}],"replies":[{"embeddable":true,"href":"http:\/\/www.lanuevaopcion.cl\/index.php?rest_route=%2Fwp%2Fv2%2Fcomments&post=25877"}],"version-history":[{"count":1,"href":"http:\/\/www.lanuevaopcion.cl\/index.php?rest_route=\/wp\/v2\/posts\/25877\/revisions"}],"predecessor-version":[{"id":25878,"href":"http:\/\/www.lanuevaopcion.cl\/index.php?rest_route=\/wp\/v2\/posts\/25877\/revisions\/25878"}],"wp:attachment":[{"href":"http:\/\/www.lanuevaopcion.cl\/index.php?rest_route=%2Fwp%2Fv2%2Fmedia&parent=25877"}],"wp:term":[{"taxonomy":"category","embeddable":true,"href":"http:\/\/www.lanuevaopcion.cl\/index.php?rest_route=%2Fwp%2Fv2%2Fcategories&post=25877"},{"taxonomy":"post_tag","embeddable":true,"href":"http:\/\/www.lanuevaopcion.cl\/index.php?rest_route=%2Fwp%2Fv2%2Ftags&post=25877"}],"curies":[{"name":"wp","href":"https:\/\/api.w.org\/{rel}","templated":true}]}}