{"id":25875,"date":"2020-05-27T15:24:12","date_gmt":"2020-05-27T15:24:12","guid":{"rendered":"http:\/\/www.lanuevaopcion.cl\/?p=25875"},"modified":"2020-05-27T15:24:12","modified_gmt":"2020-05-27T15:24:12","slug":"desempleo-del-gran-santiago-en-marzo-se-disparo-a-156","status":"publish","type":"post","link":"http:\/\/www.lanuevaopcion.cl\/?p=25875","title":{"rendered":"DESEMPLEO DEL GRAN SANTIAGO EN MARZO SE DISPAR\u00d3 A 15,6%"},"content":{"rendered":"<p><img loading=\"lazy\" decoding=\"async\"  alt=\"\" src=\"http:\/\/lanacion.cl\/wp-content\/uploads\/2020\/05\/desempleo-aton-324x160.jpg\" class=\"alignleft\" width=\"324\" height=\"160\" \/ class=\"alignleft\" style=\"margin-right:15px;margin-bottom:10px;float:left;\" ><br \/>\nLa encuesta del Centro de Microdatos de la Facultad de Econom\u00eda y Negocios de la Universidad de Chile arroj\u00f3 que la tasa de desempleo en el Gran Santiago fue de 15,6% en marzo pasado, la m\u00e1s alta registrada en los \u00faltimos 20 a\u00f1os (junio 1999, 15,4%) y sobre el promedio de los \u00faltimos 20 a\u00f1os (9,5%) y de los \u00faltimos 10 a\u00f1os (7,6%).<br \/>\n<!--more--><br \/>\nSeg\u00fan la directora ejecutiva del Centro de Microdatos, Lorena Flores, el alza de la tasa de desempleo responde fundamentalmente a una ca\u00edda del empleo total de 15,5% sumado a una disminuci\u00f3n de la fuerza de trabajo de 7,5%.<\/p>\n<p>Al desagregar por g\u00e9nero se observa que el empleo masculino se ubic\u00f3 en 16,1%, que significa un aumento de 8,6 puntos porcentuales (pp) en el \u00faltimo a\u00f1o, mientras el empleo femenino lleg\u00f3 a 14,9%, un alza anual de 7,1 pp. Asimismo, las personas del grupo etario entre 25 a 54 a\u00f1os exhiben una tasa de desempleo de 15,4%.<\/p>\n<p>La cifra de desempleo equivale a 469.284 personas desocupadas, es decir, 1,6 veces m\u00e1s que hace doce meses. Seg\u00fan el an\u00e1lisis del CMD, del total de desocupados un 94,6% corresponde a cesantes, o sea personas que han trabajado anteriormente con remuneraci\u00f3n. En el mismo per\u00edodo, el empleo asalariado disminuy\u00f3 12,3%, mientras el empleo independiente se redujo en 24,9%.<\/p>\n<p>Adem\u00e1s, esta medici\u00f3n registr\u00f3 una tasa de ocupaci\u00f3n de 47,8%, cifra inferior en 9,3 pp a la observada hace doce meses y 10,0 pp menor a la del trimestre anterior. La ca\u00edda de la tasa de ocupaci\u00f3n en el Gran Santiago se debe a la disminuci\u00f3n en la tasa de ocupaci\u00f3n femenina (9,1%) y masculina (9,3%).<\/p>\n<p>En el an\u00e1lisis del Centro de Microdatos por rama de actividad econ\u00f3mica, las bajas en el empleo en orden decreciente fueron Comercio (23,3%), Construcci\u00f3n (22,0%), Servicios comunales y sociales (16,0%), Transporte, comunicaciones y servicios de utilidad p\u00fablica (13,0%), Servicios de Gobierno y financieros (12,9%) y Servicios personales y de los hogares (9,8%), mientras que la Industria manufacturera present\u00f3 un alza leve de 1,4%.<\/p>\n<p>La situaci\u00f3n actual ha llevado a la salida de muchas personas del mercado laboral, lo que se refleja en que la tasa de participaci\u00f3n laboral se ubic\u00f3 en 56,7%, es decir, una contracci\u00f3n de 5,1 pp en un a\u00f1o y de 6,7 pp en el trimestre.<\/p>\n<p>Por \u00faltimo, promedio de los ingresos de los asalariados se situ\u00f3 en $600.084, lo que implica un crecimiento anual de 9,7%. En tanto, el ingreso promedio de los trabajadores por cuenta propia lleg\u00f3 a $300.086, una disminuci\u00f3n de 24,6% en doce meses.<br \/>\nhttp:\/\/lanacion.cl\/2020\/05\/27\/desempleo-del-gran-santiago-en-marzo-se-disparo-a-156\/<br \/>\nFUENTE. LA NACION.CL <\/p>\n","protected":false},"excerpt":{"rendered":"<p>La encuesta del Centro de Microdatos de la Facultad de Econom\u00eda y Negocios de la Universidad de Chile arroj\u00f3 que la tasa de desempleo en el Gran Santiago fue de 15,6% en marzo pasado, la m\u00e1s alta registrada en los \u00faltimos 20 a\u00f1os (junio 1999, 15,4%) y sobre el promedio de los \u00faltimos 20 a\u00f1os [&hellip;]<\/p>\n","protected":false},"author":51,"featured_media":0,"comment_status":"open","ping_status":"open","sticky":false,"template":"","format":"standard","meta":{"footnotes":""},"categories":[4,9,16,1,31,11],"tags":[535,327],"class_list":["post-25875","post","type-post","status-publish","format-standard","hentry","category-economia","category-educacion","category-nacional","category-uncategorized","category-salud","category-tendencias","tag-covid-19","tag-desempleo"],"_links":{"self":[{"href":"http:\/\/www.lanuevaopcion.cl\/index.php?rest_route=\/wp\/v2\/posts\/25875","targetHints":{"allow":["GET"]}}],"collection":[{"href":"http:\/\/www.lanuevaopcion.cl\/index.php?rest_route=\/wp\/v2\/posts"}],"about":[{"href":"http:\/\/www.lanuevaopcion.cl\/index.php?rest_route=\/wp\/v2\/types\/post"}],"author":[{"embeddable":true,"href":"http:\/\/www.lanuevaopcion.cl\/index.php?rest_route=\/wp\/v2\/users\/51"}],"replies":[{"embeddable":true,"href":"http:\/\/www.lanuevaopcion.cl\/index.php?rest_route=%2Fwp%2Fv2%2Fcomments&post=25875"}],"version-history":[{"count":1,"href":"http:\/\/www.lanuevaopcion.cl\/index.php?rest_route=\/wp\/v2\/posts\/25875\/revisions"}],"predecessor-version":[{"id":25876,"href":"http:\/\/www.lanuevaopcion.cl\/index.php?rest_route=\/wp\/v2\/posts\/25875\/revisions\/25876"}],"wp:attachment":[{"href":"http:\/\/www.lanuevaopcion.cl\/index.php?rest_route=%2Fwp%2Fv2%2Fmedia&parent=25875"}],"wp:term":[{"taxonomy":"category","embeddable":true,"href":"http:\/\/www.lanuevaopcion.cl\/index.php?rest_route=%2Fwp%2Fv2%2Fcategories&post=25875"},{"taxonomy":"post_tag","embeddable":true,"href":"http:\/\/www.lanuevaopcion.cl\/index.php?rest_route=%2Fwp%2Fv2%2Ftags&post=25875"}],"curies":[{"name":"wp","href":"https:\/\/api.w.org\/{rel}","templated":true}]}}