{"id":25870,"date":"2020-05-26T12:46:54","date_gmt":"2020-05-26T12:46:54","guid":{"rendered":"http:\/\/www.lanuevaopcion.cl\/?p=25870"},"modified":"2020-05-26T12:46:54","modified_gmt":"2020-05-26T12:46:54","slug":"pinera-propone-un-%e2%80%9cgran-acuerdo-nacional%e2%80%9d-de-unidad-para-combatir-emergencia-sanitaria-economica-y-social","status":"publish","type":"post","link":"http:\/\/www.lanuevaopcion.cl\/?p=25870","title":{"rendered":"PI\u00d1ERA PROPONE UN \u201cGRAN ACUERDO NACIONAL\u201d DE UNIDAD PARA COMBATIR EMERGENCIA SANITARIA, ECON\u00d3MICA Y SOCIAL"},"content":{"rendered":"<p><img loading=\"lazy\" decoding=\"async\"  alt=\"\" src=\"http:\/\/lanacion.cl\/wp-content\/uploads\/2020\/05\/Presidente-Sebasti%C3%A1n-Pi%C3%B1era-ATON-1-324x160.jpg\" class=\"alignleft\" width=\"324\" height=\"160\" \/ class=\"alignleft\" style=\"margin-right:15px;margin-bottom:10px;float:left;\" ><br \/>\n\u201cQuiero decirlo en forma fuerte y clara, nuestro Gobierno ha estado, est\u00e1 y va a estar siempre con la mejor actitud y con la mejor disposici\u00f3n para el di\u00e1logo, la colaboraci\u00f3n y la b\u00fasqueda de acuerdos\u201d, afirm\u00f3 este lunes el Presidente Sebasti\u00e1n Pi\u00f1era, al instar a los sectores de oposici\u00f3n a la unidad para enfrentar la pandemia del coronavirus.<\/p>\n<p>Desde La Moneda, el Jefe de Estado plante\u00f3 un acuerdo nacional en base a tres aspectos: el combate contra el Covid-19; la creaci\u00f3n de un plan de protecci\u00f3n social; y la protecci\u00f3n y reactivaci\u00f3n de la econom\u00eda del pa\u00eds.<br \/>\n<!--more--><br \/>\n\u201cQueremos hacer un llamado a todos los sectores que quieran dialogar, colaborar y buscar acuerdos, que nos permitan avanzar con mayor rapidez, con mayor seguridad, con mayor resistencia y con mayor responsabilidad en desaf\u00edos tan grandes\u201d, enfatiz\u00f3.<\/p>\n<p>En esta convocatoria puso como ejemplo, la necesidad de abordar de manera colaborativa la emergencia sanitaria y social que mantiene en estado de emergencia y cuarentena al pa\u00eds, para brindar protecci\u00f3n a la salud y la vida de las personas.<\/p>\n<p>\u201cLa historia nos ha ense\u00f1ado una y mil veces que cada vez que nos hemos dividido nos ha ido mal y hemos terminado con grandes derrotas. Cada vez que nos hemos unido nos ha ido bien y hemos conquistado grandes triunfos, como la forma en que recuperamos nuestra democracia y como reconstruimos nuestro pa\u00eds despu\u00e9s del terremoto del 27F del 2010\u201d, enfatiz\u00f3.<\/p>\n<p>\u201cMientras m\u00e1s dif\u00edcil la situaci\u00f3n, mientras m\u00e1s grandes los problemas, mientras m\u00e1s exigentes los desaf\u00edos, m\u00e1s di\u00e1logo, m\u00e1s acuerdo, m\u00e1s colaboraci\u00f3n necesitamos en nuestro pa\u00eds\u201d, agreg\u00f3.<\/p>\n<p>Junto con ello, el Mandatario plante\u00f3 la necesidad de generar \u201cun plan de protecci\u00f3n social para ayudar a tantos trabajadores que han perdido sus empleos o que han visto reducidas sus jornadas de trabajo, para ayudar a tantas familias que han visto reducidos sus ingresos\u201d.<\/p>\n<p>Asimismo, acot\u00f3, \u201cayudar a sobrevivir a tanta micro, peque\u00f1a y mediana empresa que enfrenta grandes dificultades\u201d.<\/p>\n<p>Tambi\u00e9n hizo hincapi\u00e9 en avanzar hacia \u201cun plan para proteger nuestra econom\u00eda, para que pueda volver a ponerse de pie, un plan de reactivaci\u00f3n que nos permita recuperar la capacidad de crear empleos, de mejorar los salarios, de mejorar los ingresos, de crear oportunidades para las pymes y las mipymes, y de incrementar la inversi\u00f3n y la productividad\u201d.<\/p>\n<p>RESPONSABILIDAD FISCAL<br \/>\nEl gobernante insisti\u00f3 en que todos estos acuerdos deben hacerse en el marco de la responsabilidad fiscal y los presupuestos.<\/p>\n<p>\u201cEstamos absolutamente convencidos que luchar por proteger la salud y la vida de nuestros compatriotas, por proteger los empleos de los trabajadores, los ingresos de las familias, la sobrevivencia de las empresas, y por prepararnos para que la reactivaci\u00f3n de nuestra econom\u00eda y nuestra capacidad de volver a ponernos de pie sea una reacci\u00f3n y una capacidad firme y clara, merece un gran acuerdo nacional\u201d, dijo.<\/p>\n<p>Asimismo, recalc\u00f3 que \u201cestos acuerdos tienen que ponerse dentro de un marco de responsabilidad fiscal y un marco de presupuestos fiscales, que nos permita enfrentar con mucha sensibilidad las necesidades, con mucha responsabilidad los desaf\u00edos del futuro\u201d.<br \/>\nhttp:\/\/lanacion.cl\/2020\/05\/25\/pinera-propone-un-gran-acuerdo-nacional-de-unidad-para-combatir-emergencia-sanitaria-economica-y-social\/<br \/>\nFUENTE. LA NACION.CL <\/p>\n","protected":false},"excerpt":{"rendered":"<p>\u201cQuiero decirlo en forma fuerte y clara, nuestro Gobierno ha estado, est\u00e1 y va a estar siempre con la mejor actitud y con la mejor disposici\u00f3n para el di\u00e1logo, la colaboraci\u00f3n y la b\u00fasqueda de acuerdos\u201d, afirm\u00f3 este lunes el Presidente Sebasti\u00e1n Pi\u00f1era, al instar a los sectores de oposici\u00f3n a la unidad para enfrentar [&hellip;]<\/p>\n","protected":false},"author":51,"featured_media":0,"comment_status":"open","ping_status":"open","sticky":false,"template":"","format":"standard","meta":{"footnotes":""},"categories":[4,5,16,1,31,11],"tags":[480,535],"class_list":["post-25870","post","type-post","status-publish","format-standard","hentry","category-economia","category-internacional","category-nacional","category-uncategorized","category-salud","category-tendencias","tag-coronavirus","tag-covid-19"],"_links":{"self":[{"href":"http:\/\/www.lanuevaopcion.cl\/index.php?rest_route=\/wp\/v2\/posts\/25870","targetHints":{"allow":["GET"]}}],"collection":[{"href":"http:\/\/www.lanuevaopcion.cl\/index.php?rest_route=\/wp\/v2\/posts"}],"about":[{"href":"http:\/\/www.lanuevaopcion.cl\/index.php?rest_route=\/wp\/v2\/types\/post"}],"author":[{"embeddable":true,"href":"http:\/\/www.lanuevaopcion.cl\/index.php?rest_route=\/wp\/v2\/users\/51"}],"replies":[{"embeddable":true,"href":"http:\/\/www.lanuevaopcion.cl\/index.php?rest_route=%2Fwp%2Fv2%2Fcomments&post=25870"}],"version-history":[{"count":1,"href":"http:\/\/www.lanuevaopcion.cl\/index.php?rest_route=\/wp\/v2\/posts\/25870\/revisions"}],"predecessor-version":[{"id":25871,"href":"http:\/\/www.lanuevaopcion.cl\/index.php?rest_route=\/wp\/v2\/posts\/25870\/revisions\/25871"}],"wp:attachment":[{"href":"http:\/\/www.lanuevaopcion.cl\/index.php?rest_route=%2Fwp%2Fv2%2Fmedia&parent=25870"}],"wp:term":[{"taxonomy":"category","embeddable":true,"href":"http:\/\/www.lanuevaopcion.cl\/index.php?rest_route=%2Fwp%2Fv2%2Fcategories&post=25870"},{"taxonomy":"post_tag","embeddable":true,"href":"http:\/\/www.lanuevaopcion.cl\/index.php?rest_route=%2Fwp%2Fv2%2Ftags&post=25870"}],"curies":[{"name":"wp","href":"https:\/\/api.w.org\/{rel}","templated":true}]}}