{"id":25868,"date":"2020-05-25T11:25:02","date_gmt":"2020-05-25T11:25:02","guid":{"rendered":"http:\/\/www.lanuevaopcion.cl\/?p=25868"},"modified":"2020-05-25T11:25:02","modified_gmt":"2020-05-25T11:25:02","slug":"melo-%e2%80%9ces-incomprensible-que-la-entrega-de-alimentos-no-comenzara-en-el-bosque%e2%80%9d","status":"publish","type":"post","link":"http:\/\/www.lanuevaopcion.cl\/?p=25868","title":{"rendered":"MELO: \u201cES INCOMPRENSIBLE QUE LA ENTREGA DE ALIMENTOS NO COMENZARA EN EL BOSQUE\u201d"},"content":{"rendered":"<p><img loading=\"lazy\" decoding=\"async\"  alt=\"\" src=\"http:\/\/lanacion.cl\/wp-content\/uploads\/2020\/05\/el-bosque-aton-324x160.jpg\" class=\"alignleft\" width=\"324\" height=\"160\" \/ class=\"alignleft\" style=\"margin-right:15px;margin-bottom:10px;float:left;\" ><br \/>\nEl alcalde de El Bosque, Sadi Melo, critic\u00f3 con dureza al Gobierno, luego de que su comuna no haya estado contemplada en el inicio de la distribuci\u00f3n de canastas de alimentos y elementos de higiene para ayudar a familias en medio de la crisis por el Covid-19.<\/p>\n<p>El pasado lunes se realizaron distintas protestas en El Bosque y La Pintana, donde pobladores demandaban una ayuda de alimentos para poder combatir en sus hogares el coronavirus. Sin embargo, desde el Gobierno optaron por comenzar la entrega de cajas en Estaci\u00f3n Central, Quinta Normal y Santiago.<br \/>\n<!--more--><br \/>\n\u201cEs incomprensible que la entrega de alimentos del Gobierno no haya comenzado en El Bosque\u201d, acus\u00f3 el alcalde Sadi Melo.<\/p>\n<p>\u201cEl pasado lunes tuvimos las protestas por falta de alimentos m\u00e1s graves que ha registrado la comuna en su historia, luego del anuncio presidencial de entregar 2,5 millones de cajas de mercader\u00eda a sectores vulnerables. Sin embargo, el viernes vimos con triste sorpresa que el inicio del plan Alimentos para Chile no incluy\u00f3 a las comunas de El Bosque y La Pintana en su fase piloto, lugares donde los pobladores se manifestaron por hambre a inicios de semana\u201d, a\u00f1adi\u00f3.<\/p>\n<p>Seg\u00fan el edil, se ha trabajado este fin de semana para entregar cerca de 3.000 cajas de alimentos, que fueron adquiridas por el municipio y otras que fueron donadas desde Las Condes, La Florida, Grupo Santa Mar\u00eda y Fundaci\u00f3n Luksic. La medida tambi\u00e9n se hab\u00eda tomado antes de las protestas.<\/p>\n<p>\u201cEl municipio hasta el inicio de las protestas hab\u00eda entregado cerca de 2.000 canastas de alimentos a los vecinos en situaci\u00f3n de vulnerabilidad, sin embargo, la demanda es mucho mayor. Se requiere una mayor presencia del Estado en esta emergencia, los municipios necesitamos el apoyo del gobierno central para poder llegar a la mayor cantidad de hogares con ayuda social\u201d, explic\u00f3 Melo.<\/p>\n<p>\u201cNos preocupa la cantidad y el flujo de cajas de mercader\u00edas que se destinar\u00e1n por parte del gobierno a la comuna. Nos han informado que ma\u00f1ana llegar\u00edan las primeras 1.000 cajas, pero no tenemos a\u00fan certeza de cu\u00e1nto ser\u00e1 el flujo diario de entrega. Como municipio tenemos capacidad operativa para distribuir mil cajas diarias, pero necesitamos que las canastas lleguen a tiempo\u201d, finaliz\u00f3 el alcalde.<br \/>\nhttp:\/\/lanacion.cl\/2020\/05\/24\/melo-es-incomprensible-que-la-entrega-de-alimentos-no-comenzara-en-el-bosque\/<br \/>\nFUENTE. LA NACION.CL <\/p>\n","protected":false},"excerpt":{"rendered":"<p>El alcalde de El Bosque, Sadi Melo, critic\u00f3 con dureza al Gobierno, luego de que su comuna no haya estado contemplada en el inicio de la distribuci\u00f3n de canastas de alimentos y elementos de higiene para ayudar a familias en medio de la crisis por el Covid-19. El pasado lunes se realizaron distintas protestas en [&hellip;]<\/p>\n","protected":false},"author":51,"featured_media":0,"comment_status":"open","ping_status":"open","sticky":false,"template":"","format":"standard","meta":{"footnotes":""},"categories":[8,4,9,16,1,31,11],"tags":[110,554],"class_list":["post-25868","post","type-post","status-publish","format-standard","hentry","category-cultura","category-economia","category-educacion","category-nacional","category-uncategorized","category-salud","category-tendencias","tag-alcaldes","tag-el-bosque"],"_links":{"self":[{"href":"http:\/\/www.lanuevaopcion.cl\/index.php?rest_route=\/wp\/v2\/posts\/25868","targetHints":{"allow":["GET"]}}],"collection":[{"href":"http:\/\/www.lanuevaopcion.cl\/index.php?rest_route=\/wp\/v2\/posts"}],"about":[{"href":"http:\/\/www.lanuevaopcion.cl\/index.php?rest_route=\/wp\/v2\/types\/post"}],"author":[{"embeddable":true,"href":"http:\/\/www.lanuevaopcion.cl\/index.php?rest_route=\/wp\/v2\/users\/51"}],"replies":[{"embeddable":true,"href":"http:\/\/www.lanuevaopcion.cl\/index.php?rest_route=%2Fwp%2Fv2%2Fcomments&post=25868"}],"version-history":[{"count":1,"href":"http:\/\/www.lanuevaopcion.cl\/index.php?rest_route=\/wp\/v2\/posts\/25868\/revisions"}],"predecessor-version":[{"id":25869,"href":"http:\/\/www.lanuevaopcion.cl\/index.php?rest_route=\/wp\/v2\/posts\/25868\/revisions\/25869"}],"wp:attachment":[{"href":"http:\/\/www.lanuevaopcion.cl\/index.php?rest_route=%2Fwp%2Fv2%2Fmedia&parent=25868"}],"wp:term":[{"taxonomy":"category","embeddable":true,"href":"http:\/\/www.lanuevaopcion.cl\/index.php?rest_route=%2Fwp%2Fv2%2Fcategories&post=25868"},{"taxonomy":"post_tag","embeddable":true,"href":"http:\/\/www.lanuevaopcion.cl\/index.php?rest_route=%2Fwp%2Fv2%2Ftags&post=25868"}],"curies":[{"name":"wp","href":"https:\/\/api.w.org\/{rel}","templated":true}]}}