{"id":25864,"date":"2020-05-22T08:46:01","date_gmt":"2020-05-22T08:46:01","guid":{"rendered":"http:\/\/www.lanuevaopcion.cl\/?p=25864"},"modified":"2020-05-22T08:46:01","modified_gmt":"2020-05-22T08:46:01","slug":"quinta-normal-estacion-central-y-santiago-recibiran-las-primeras-cajas-de-alimentos","status":"publish","type":"post","link":"http:\/\/www.lanuevaopcion.cl\/?p=25864","title":{"rendered":"QUINTA NORMAL, ESTACI\u00d3N CENTRAL Y SANTIAGO RECIBIR\u00c1N LAS PRIMERAS CAJAS DE ALIMENTOS"},"content":{"rendered":"<p><img loading=\"lazy\" decoding=\"async\"  alt=\"\" src=\"http:\/\/lanacion.cl\/wp-content\/uploads\/2020\/05\/felipe-guevara-aton-324x160.jpg\" class=\"alignleft\" width=\"324\" height=\"160\" \/ class=\"alignleft\" style=\"margin-right:15px;margin-bottom:10px;float:left;\" ><br \/>\nEl intendente de la regi\u00f3n Metropolitana, Felipe Guevara, asegur\u00f3 que este viernes se comenzar\u00e1n a distribuir las primeras cajas de alimentos y elementos de higiene de las 2,5 millones comprometidas por el Presidente Sebasti\u00e1n Pi\u00f1era.<\/p>\n<p>Seg\u00fan inform\u00f3, el proceso arrancar\u00e1 en las comunas de Quinta Normal, Estaci\u00f3n Central y Santiago. \u201cSon comunas que est\u00e1n juntas, que son bastante homog\u00e9neas, hay pocos edificios de departamentos, por ejemplo. Son comunas m\u00e1s bien bajas y que llevan bastante tiempo en cuarentena\u201d, se\u00f1al\u00f3 Guevara.<br \/>\n<!--more--><br \/>\nEl s\u00e1bado, en tanto, ser\u00eda el turno de otras 29 comunas de la regi\u00f3n Metropolitana, para llegar a un total de 32 en primera instancia.<\/p>\n<p>\u201cEl resto de las comunas, es decir las otras 29, van a partir idealmente el s\u00e1bado, todas al mismo tiempo, todas en simult\u00e1neo. Es un desaf\u00edo enorme, pero creo que con el trabajo duro de los gobernadores, de los equipos de la intendencia, de los equipos ministeriales que nos est\u00e1n ayudando, sobre todo de los alcaldes, de sus concejos municipales, de sus funcionarios, a partir del s\u00e1bado deber\u00edamos estar empezando a entregar este apoyo alimenticio a estas 32 comunas de la regi\u00f3n Metropolitana\u201d, plante\u00f3.<\/p>\n<p>En una semana se espera alcanzar a las 38 comunas que se encuentran en confinamiento en toda la Regi\u00f3n Metropolitana \u201cy luego incorporar a las comunas que no est\u00e1n en cuarentena: Pirque, San Jos\u00e9 de Maipo, Talagante, Melipilla. Queremos incorporarlas cuanto antes, pero para eso debe partir la distribuci\u00f3n por estas primeras comunas\u201d, estableci\u00f3 la autoridad metropolitana.<\/p>\n<p>Sobre los sectores que se abarcar\u00e1n en las primeras entregas, Guevara asegur\u00f3 que se est\u00e1 coordinando con los alcaldes. \u201cEs imposible distribuir esta enorme cantidad de alimentos en un d\u00eda en todas partes. Lo que hemos hecho en cada comuna, se ha priorizado. Ese trabajo de por d\u00f3nde empezar y por d\u00f3nde terminar lo estamos haciendo con los alcaldes, que son lejos los que mejor conocen la realidad de su comuna\u201d, dijo.<\/p>\n<p>Sobre la cantidad de canastas disponibles, Guevara indic\u00f3 que ya se compraron 500 mil. \u201cTenemos asegurado el abastecimiento de las primeras dos semanas, ya hemos comprado 500 mil unidades de este complemento alimenticio y ahora lo importante es poner en marcha la distribuci\u00f3n\u201d, concluy\u00f3.<br \/>\nhttp:\/\/lanacion.cl\/2020\/05\/21\/quinta-normal-estacion-central-y-santiago-recibiran-las-primeras-cajas-de-alimentos\/<br \/>\nFUENTE. LA NACION.CL <\/p>\n","protected":false},"excerpt":{"rendered":"<p>El intendente de la regi\u00f3n Metropolitana, Felipe Guevara, asegur\u00f3 que este viernes se comenzar\u00e1n a distribuir las primeras cajas de alimentos y elementos de higiene de las 2,5 millones comprometidas por el Presidente Sebasti\u00e1n Pi\u00f1era. Seg\u00fan inform\u00f3, el proceso arrancar\u00e1 en las comunas de Quinta Normal, Estaci\u00f3n Central y Santiago. \u201cSon comunas que est\u00e1n juntas, [&hellip;]<\/p>\n","protected":false},"author":51,"featured_media":0,"comment_status":"open","ping_status":"open","sticky":false,"template":"","format":"standard","meta":{"footnotes":""},"categories":[4,9,16,1,31,11],"tags":[553,480],"class_list":["post-25864","post","type-post","status-publish","format-standard","hentry","category-economia","category-educacion","category-nacional","category-uncategorized","category-salud","category-tendencias","tag-cajas-de-alimentos","tag-coronavirus"],"_links":{"self":[{"href":"http:\/\/www.lanuevaopcion.cl\/index.php?rest_route=\/wp\/v2\/posts\/25864","targetHints":{"allow":["GET"]}}],"collection":[{"href":"http:\/\/www.lanuevaopcion.cl\/index.php?rest_route=\/wp\/v2\/posts"}],"about":[{"href":"http:\/\/www.lanuevaopcion.cl\/index.php?rest_route=\/wp\/v2\/types\/post"}],"author":[{"embeddable":true,"href":"http:\/\/www.lanuevaopcion.cl\/index.php?rest_route=\/wp\/v2\/users\/51"}],"replies":[{"embeddable":true,"href":"http:\/\/www.lanuevaopcion.cl\/index.php?rest_route=%2Fwp%2Fv2%2Fcomments&post=25864"}],"version-history":[{"count":1,"href":"http:\/\/www.lanuevaopcion.cl\/index.php?rest_route=\/wp\/v2\/posts\/25864\/revisions"}],"predecessor-version":[{"id":25865,"href":"http:\/\/www.lanuevaopcion.cl\/index.php?rest_route=\/wp\/v2\/posts\/25864\/revisions\/25865"}],"wp:attachment":[{"href":"http:\/\/www.lanuevaopcion.cl\/index.php?rest_route=%2Fwp%2Fv2%2Fmedia&parent=25864"}],"wp:term":[{"taxonomy":"category","embeddable":true,"href":"http:\/\/www.lanuevaopcion.cl\/index.php?rest_route=%2Fwp%2Fv2%2Fcategories&post=25864"},{"taxonomy":"post_tag","embeddable":true,"href":"http:\/\/www.lanuevaopcion.cl\/index.php?rest_route=%2Fwp%2Fv2%2Ftags&post=25864"}],"curies":[{"name":"wp","href":"https:\/\/api.w.org\/{rel}","templated":true}]}}