{"id":25862,"date":"2020-05-22T08:41:06","date_gmt":"2020-05-22T08:41:06","guid":{"rendered":"http:\/\/www.lanuevaopcion.cl\/?p=25862"},"modified":"2020-05-22T08:41:06","modified_gmt":"2020-05-22T08:41:06","slug":"sismo-de-mediana-intensidad-se-percibio-en-la-zona-central-del-pais","status":"publish","type":"post","link":"http:\/\/www.lanuevaopcion.cl\/?p=25862","title":{"rendered":"SISMO DE MEDIANA INTENSIDAD SE PERCIBI\u00d3 EN LA ZONA CENTRAL DEL PA\u00cdS"},"content":{"rendered":"<p><img loading=\"lazy\" decoding=\"async\"  alt=\"\" src=\"http:\/\/lanacion.cl\/wp-content\/uploads\/2020\/05\/FOTO-TEMBLOR-324x160.jpeg\" class=\"alignleft\" width=\"324\" height=\"160\" \/ class=\"alignleft\" style=\"margin-right:15px;margin-bottom:10px;float:left;\" ><br \/>\nUn sismo de mediana intensidad fue percibido a las 18:31 horas de este jueves en la zona centro del pa\u00eds.<\/p>\n<p>Seg\u00fan el informe preliminar del Centro Sismol\u00f3gico Nacional, el movimiento tuvo una magnitud de 4,8 Richter con una profundidad de 90 kil\u00f3metros. El epicentro fue a 41 kil\u00f3metros de Colina.<\/p>\n<p>El sismo tambi\u00e9n fue percibido en las regiones de Valpara\u00edso y O\u2019Higgins.<br \/>\n<!--more--><br \/>\nNo se reportan da\u00f1os a personas, alteraciones a servicios b\u00e1sico o infraestructura.<br \/>\nhttp:\/\/lanacion.cl\/2020\/05\/21\/sismo-de-mediana-intensidad-se-percibio-en-la-zona-centro-del-pais\/<br \/>\nFUENTE. LA NACION.CL <\/p>\n","protected":false},"excerpt":{"rendered":"<p>Un sismo de mediana intensidad fue percibido a las 18:31 horas de este jueves en la zona centro del pa\u00eds. Seg\u00fan el informe preliminar del Centro Sismol\u00f3gico Nacional, el movimiento tuvo una magnitud de 4,8 Richter con una profundidad de 90 kil\u00f3metros. El epicentro fue a 41 kil\u00f3metros de Colina. El sismo tambi\u00e9n fue percibido [&hellip;]<\/p>\n","protected":false},"author":51,"featured_media":0,"comment_status":"open","ping_status":"open","sticky":false,"template":"","format":"standard","meta":{"footnotes":""},"categories":[8,5,16,11],"tags":[552,551],"class_list":["post-25862","post","type-post","status-publish","format-standard","hentry","category-cultura","category-internacional","category-nacional","category-tendencias","tag-pais-chile","tag-sismologico"],"_links":{"self":[{"href":"http:\/\/www.lanuevaopcion.cl\/index.php?rest_route=\/wp\/v2\/posts\/25862","targetHints":{"allow":["GET"]}}],"collection":[{"href":"http:\/\/www.lanuevaopcion.cl\/index.php?rest_route=\/wp\/v2\/posts"}],"about":[{"href":"http:\/\/www.lanuevaopcion.cl\/index.php?rest_route=\/wp\/v2\/types\/post"}],"author":[{"embeddable":true,"href":"http:\/\/www.lanuevaopcion.cl\/index.php?rest_route=\/wp\/v2\/users\/51"}],"replies":[{"embeddable":true,"href":"http:\/\/www.lanuevaopcion.cl\/index.php?rest_route=%2Fwp%2Fv2%2Fcomments&post=25862"}],"version-history":[{"count":1,"href":"http:\/\/www.lanuevaopcion.cl\/index.php?rest_route=\/wp\/v2\/posts\/25862\/revisions"}],"predecessor-version":[{"id":25863,"href":"http:\/\/www.lanuevaopcion.cl\/index.php?rest_route=\/wp\/v2\/posts\/25862\/revisions\/25863"}],"wp:attachment":[{"href":"http:\/\/www.lanuevaopcion.cl\/index.php?rest_route=%2Fwp%2Fv2%2Fmedia&parent=25862"}],"wp:term":[{"taxonomy":"category","embeddable":true,"href":"http:\/\/www.lanuevaopcion.cl\/index.php?rest_route=%2Fwp%2Fv2%2Fcategories&post=25862"},{"taxonomy":"post_tag","embeddable":true,"href":"http:\/\/www.lanuevaopcion.cl\/index.php?rest_route=%2Fwp%2Fv2%2Ftags&post=25862"}],"curies":[{"name":"wp","href":"https:\/\/api.w.org\/{rel}","templated":true}]}}