{"id":25860,"date":"2020-05-21T13:41:06","date_gmt":"2020-05-21T13:41:06","guid":{"rendered":"http:\/\/www.lanuevaopcion.cl\/?p=25860"},"modified":"2020-05-21T13:41:06","modified_gmt":"2020-05-21T13:41:06","slug":"martorell-%e2%80%9cno-intenten-salir-de-la-region-metropolitana-porque-van-a-pasar-un-mal-rato%e2%80%9d","status":"publish","type":"post","link":"http:\/\/www.lanuevaopcion.cl\/?p=25860","title":{"rendered":"MARTORELL: \u201cNO INTENTEN SALIR DE LA REGI\u00d3N METROPOLITANA PORQUE VAN A PASAR UN MAL RATO\u201d"},"content":{"rendered":"<p><img loading=\"lazy\" decoding=\"async\"  alt=\"\" src=\"http:\/\/lanacion.cl\/wp-content\/uploads\/2020\/05\/FOTO-MARTORELL-1-324x160.jpg\" class=\"alignleft\" width=\"324\" height=\"160\" \/ class=\"alignleft\" style=\"margin-right:15px;margin-bottom:10px;float:left;\" ><br \/>\nLa subsecretaria de Prevenci\u00f3n del Delito, Katherine Martorell, hizo un llamado a la ciudadan\u00eda para que no intente salir de la Regi\u00f3n Metropolitana ni de aquellos lugares que tendr\u00e1n cordones sanitarios, ya que prometi\u00f3 \u201cuna fiscalizaci\u00f3n implacable\u201d a partir de este mi\u00e9rcoles, a las 18 horas, por ser v\u00edspera del feriado del 21 de mayo.<\/p>\n<p>Desde la tarde de este mi\u00e9rcoles y durante todo el fin de semana, habr\u00e1 un cord\u00f3n sanitario para el \u00c1rea Metropolitana, pero tambi\u00e9n en el Gran Concepci\u00f3n y en Temuco.<br \/>\n<!--more--><br \/>\n\u201cQuiero hacer un llamado claro: no intenten salir de la Regi\u00f3n Metropolitana porque van a pasar un mal rato, porque va a haber un control muy estricto, van a tener probablemente que aguantar un taco y devolverse. Adem\u00e1s, las personas que lo intenten son objeto de sumarios sanitarios que pueden alcanzar multas de 50 millones de pesos como tambi\u00e9n pueden tener penas privativas de libertad, que van desde los 61 a 540 d\u00edas de presidio\u201d, dijo Martorell.<\/p>\n<p>La subsecretaria a\u00f1adi\u00f3 que \u201csolo quienes tengan salvoconductos\u201d podr\u00e1n cruzar el cord\u00f3n sanitario, y que \u201ccuando se quiso v\u00eda a\u00e9rea cruzar el cord\u00f3n sanitario, hoy existe una sanci\u00f3n ya establecida de 15 millones de pesos\u201d.<\/p>\n<p>\u201cInsisto -a\u00f1adi\u00f3-, no intenten salir de la Regi\u00f3n Metropolitana ni de los lugares que se encuentran acordonados, porque solamente van a pasar un mal rato y la fiscalizaci\u00f3n va a ser implacable\u201d.<\/p>\n<p>Sin embargo, el fin de semana pasado Carabineros catalog\u00f3 de \u201cpreocupante\u201d la cantidad de veh\u00edculos que sali\u00f3 de la capital -cerca de 60 mil-, pese a que acababa de iniciarse la cuarentena total para el Gran Santiago y a que tambi\u00e9n se estableci\u00f3 un cord\u00f3n sanitario para viajar a la Regi\u00f3n de Valpara\u00edso.<\/p>\n<p>A prop\u00f3sito, el general de Carabineros Ricardo Y\u00e1\u00f1ez coment\u00f3 que \u201cdurante la semana reci\u00e9n pasada damos cuenta de la detenci\u00f3n de 18.461 personas en el territorio nacional, m\u00e1s de dos mil de ellas fueron por delitos de mayor connotaci\u00f3n social, destacando que 735 corresponden al delito de robo. Se han efectuado controles y fiscalizaciones que permiten haber tenido a 11.168 personas por infringir resoluciones sanitarias como toque de queda y cuarentena\u201d.<\/p>\n<p>Adem\u00e1s, agreg\u00f3 que la Comisar\u00eda Virtual en la semana \u201clogr\u00f3 entregar 15.514.000 certificados y documentos que permiten a las personas realizar aquellos tr\u00e1mites de mayor urgencia\u201d.<br \/>\nhttp:\/\/lanacion.cl\/2020\/05\/20\/martorell-no-intenten-salir-de-la-region-metropolitana-porque-van-a-pasar-un-mal-rato\/<br \/>\nFUENTE. LA NACION.CL <\/p>\n","protected":false},"excerpt":{"rendered":"<p>La subsecretaria de Prevenci\u00f3n del Delito, Katherine Martorell, hizo un llamado a la ciudadan\u00eda para que no intente salir de la Regi\u00f3n Metropolitana ni de aquellos lugares que tendr\u00e1n cordones sanitarios, ya que prometi\u00f3 \u201cuna fiscalizaci\u00f3n implacable\u201d a partir de este mi\u00e9rcoles, a las 18 horas, por ser v\u00edspera del feriado del 21 de mayo. [&hellip;]<\/p>\n","protected":false},"author":51,"featured_media":0,"comment_status":"open","ping_status":"open","sticky":false,"template":"","format":"standard","meta":{"footnotes":""},"categories":[8,4,16,30,1,31,11],"tags":[480],"class_list":["post-25860","post","type-post","status-publish","format-standard","hentry","category-cultura","category-economia","category-nacional","category-policial","category-uncategorized","category-salud","category-tendencias","tag-coronavirus"],"_links":{"self":[{"href":"http:\/\/www.lanuevaopcion.cl\/index.php?rest_route=\/wp\/v2\/posts\/25860","targetHints":{"allow":["GET"]}}],"collection":[{"href":"http:\/\/www.lanuevaopcion.cl\/index.php?rest_route=\/wp\/v2\/posts"}],"about":[{"href":"http:\/\/www.lanuevaopcion.cl\/index.php?rest_route=\/wp\/v2\/types\/post"}],"author":[{"embeddable":true,"href":"http:\/\/www.lanuevaopcion.cl\/index.php?rest_route=\/wp\/v2\/users\/51"}],"replies":[{"embeddable":true,"href":"http:\/\/www.lanuevaopcion.cl\/index.php?rest_route=%2Fwp%2Fv2%2Fcomments&post=25860"}],"version-history":[{"count":1,"href":"http:\/\/www.lanuevaopcion.cl\/index.php?rest_route=\/wp\/v2\/posts\/25860\/revisions"}],"predecessor-version":[{"id":25861,"href":"http:\/\/www.lanuevaopcion.cl\/index.php?rest_route=\/wp\/v2\/posts\/25860\/revisions\/25861"}],"wp:attachment":[{"href":"http:\/\/www.lanuevaopcion.cl\/index.php?rest_route=%2Fwp%2Fv2%2Fmedia&parent=25860"}],"wp:term":[{"taxonomy":"category","embeddable":true,"href":"http:\/\/www.lanuevaopcion.cl\/index.php?rest_route=%2Fwp%2Fv2%2Fcategories&post=25860"},{"taxonomy":"post_tag","embeddable":true,"href":"http:\/\/www.lanuevaopcion.cl\/index.php?rest_route=%2Fwp%2Fv2%2Ftags&post=25860"}],"curies":[{"name":"wp","href":"https:\/\/api.w.org\/{rel}","templated":true}]}}