{"id":25858,"date":"2020-05-21T10:42:56","date_gmt":"2020-05-21T10:42:56","guid":{"rendered":"http:\/\/www.lanuevaopcion.cl\/?p=25858"},"modified":"2020-05-21T10:42:56","modified_gmt":"2020-05-21T10:42:56","slug":"cerca-de-30-mil-vehiculos-salieron-de-santiago-en-medio-de-enormes-tacos","status":"publish","type":"post","link":"http:\/\/www.lanuevaopcion.cl\/?p=25858","title":{"rendered":"CERCA DE 30 MIL VEH\u00cdCULOS SALIERON DE SANTIAGO EN MEDIO DE ENORMES TACOS"},"content":{"rendered":"<p><img loading=\"lazy\" decoding=\"async\"  alt=\"\" src=\"http:\/\/lanacion.cl\/wp-content\/uploads\/2020\/05\/FOTO-CARABINEROS-1-324x160.jpg\" class=\"alignleft\" width=\"324\" height=\"160\" \/ class=\"alignleft\" style=\"margin-right:15px;margin-bottom:10px;float:left;\" ><br \/>\nA las 18:00 horas de este mi\u00e9rcoles se inici\u00f3 la implementaci\u00f3n del cord\u00f3n sanitario en la Regi\u00f3n Metropolitana para evitar la salida de personas a sus segundas viviendas en medio de la cuarentena total en el Gran Santiago.<\/p>\n<p>En la v\u00edspera del feriado del 21 de mayo, las carreteras de salida de la capital registraron enormes embotellamientos, aunque tanto desde el Gobierno como de Carabineros afirmaron que la cifra de veh\u00edculos que sali\u00f3 es baja y que los atochamientos se deben a las estrictas fiscalizaciones que realiza personal sanitario con efectivos policiales y de las Fuerzas Armadas.<br \/>\n<!--more--><br \/>\nSeg\u00fan el ministro de Obras P\u00fablicas, Alfredo Moreno, \u201chasta las 18:30 horas, unos 25 mil veh\u00edculos hab\u00edan salido de Santiago, lo que es una cifra muy inferior a la de un fin de semana largo\u201d.<\/p>\n<p>\u201cUno debe pensar que muchas de las personas que se est\u00e1n desplazando son gente que trabaja en la Regi\u00f3n Metropolitana y viven en Rancagua, Graneros, Valpara\u00edso, Vi\u00f1a o Curacav\u00ed\u201d, agreg\u00f3 el secretario de Estado.<\/p>\n<p>Respecto de los tacos, explic\u00f3 que \u201cal aplicar estos controles sanitarios tan estrictos se producen estas tremendas congestiones. La disposici\u00f3n es que se realicen a todos los autos, por lo tanto, lo que tiene que esperar la persona es que todo veh\u00edculo va a ser revisado y van a tener que soportar una larga espera. La gente tiene que incorporar este costo y adem\u00e1s ir preparada con todos los papeles y autorizaciones\u201d.<\/p>\n<p>A su vez, el general Manuel Vald\u00e9s, jefe de Zona de Tr\u00e1nsito, Carreteras y Seguridad Vial de Carabineros, coincidi\u00f3 al se\u00f1alar que \u201csi bien hay una congesti\u00f3n importante, el a\u00f1o pasado en esta misma fecha, ya que tambi\u00e9n el 21 de mayo de 2019 toc\u00f3 en un fin de semana largo, los veh\u00edculos que dejaron la capital fueron 115 mil, una cifra mucho mayor a la que estamos constatando hoy\u201d.<\/p>\n<p>Se est\u00e1n realizando controles en diez puntos a ra\u00edz del cord\u00f3n sanitario de la Regi\u00f3n Metropolitana, los que est\u00e1n radicados en las tenencias carreteras de las distintas autopistas de la Regi\u00f3n Metropolitana, como la Ruta 78, la Ruta 68, la Ruta CH-57, la Ruta 5 Sur y la Ruta 5 Norte.<br \/>\nhttp:\/\/lanacion.cl\/2020\/05\/20\/cerca-de-30-mil-vehiculos-salieron-de-santiago-en-medio-de-enormes-tacos\/<br \/>\nFUENTE. LA NACION.CL <\/p>\n","protected":false},"excerpt":{"rendered":"<p>A las 18:00 horas de este mi\u00e9rcoles se inici\u00f3 la implementaci\u00f3n del cord\u00f3n sanitario en la Regi\u00f3n Metropolitana para evitar la salida de personas a sus segundas viviendas en medio de la cuarentena total en el Gran Santiago. En la v\u00edspera del feriado del 21 de mayo, las carreteras de salida de la capital registraron [&hellip;]<\/p>\n","protected":false},"author":51,"featured_media":0,"comment_status":"open","ping_status":"open","sticky":false,"template":"","format":"standard","meta":{"footnotes":""},"categories":[4,16,30,1,31,11],"tags":[480,428],"class_list":["post-25858","post","type-post","status-publish","format-standard","hentry","category-economia","category-nacional","category-policial","category-uncategorized","category-salud","category-tendencias","tag-coronavirus","tag-rm"],"_links":{"self":[{"href":"http:\/\/www.lanuevaopcion.cl\/index.php?rest_route=\/wp\/v2\/posts\/25858","targetHints":{"allow":["GET"]}}],"collection":[{"href":"http:\/\/www.lanuevaopcion.cl\/index.php?rest_route=\/wp\/v2\/posts"}],"about":[{"href":"http:\/\/www.lanuevaopcion.cl\/index.php?rest_route=\/wp\/v2\/types\/post"}],"author":[{"embeddable":true,"href":"http:\/\/www.lanuevaopcion.cl\/index.php?rest_route=\/wp\/v2\/users\/51"}],"replies":[{"embeddable":true,"href":"http:\/\/www.lanuevaopcion.cl\/index.php?rest_route=%2Fwp%2Fv2%2Fcomments&post=25858"}],"version-history":[{"count":1,"href":"http:\/\/www.lanuevaopcion.cl\/index.php?rest_route=\/wp\/v2\/posts\/25858\/revisions"}],"predecessor-version":[{"id":25859,"href":"http:\/\/www.lanuevaopcion.cl\/index.php?rest_route=\/wp\/v2\/posts\/25858\/revisions\/25859"}],"wp:attachment":[{"href":"http:\/\/www.lanuevaopcion.cl\/index.php?rest_route=%2Fwp%2Fv2%2Fmedia&parent=25858"}],"wp:term":[{"taxonomy":"category","embeddable":true,"href":"http:\/\/www.lanuevaopcion.cl\/index.php?rest_route=%2Fwp%2Fv2%2Fcategories&post=25858"},{"taxonomy":"post_tag","embeddable":true,"href":"http:\/\/www.lanuevaopcion.cl\/index.php?rest_route=%2Fwp%2Fv2%2Ftags&post=25858"}],"curies":[{"name":"wp","href":"https:\/\/api.w.org\/{rel}","templated":true}]}}