{"id":25854,"date":"2020-05-20T03:49:06","date_gmt":"2020-05-20T03:49:06","guid":{"rendered":"http:\/\/www.lanuevaopcion.cl\/?p=25854"},"modified":"2020-05-20T03:49:06","modified_gmt":"2020-05-20T03:49:06","slug":"cuenta-publica-podria-ser-remota-e-incluso-desde-la-residencia-del-presidente","status":"publish","type":"post","link":"http:\/\/www.lanuevaopcion.cl\/?p=25854","title":{"rendered":"CUENTA P\u00daBLICA PODR\u00cdA SER REMOTA E INCLUSO DESDE LA RESIDENCIA DEL PRESIDENTE"},"content":{"rendered":"<p><img loading=\"lazy\" decoding=\"async\"  alt=\"\" src=\"http:\/\/lanacion.cl\/wp-content\/uploads\/2020\/05\/Cuenta-P%C3%BAblica-2019-del-Presidente-Sebasti%C3%A1n-Pi%C3%B1era-ATON-324x160.jpg\" class=\"alignleft\" width=\"324\" height=\"160\" \/ class=\"alignleft\" style=\"margin-right:15px;margin-bottom:10px;float:left;\" ><br \/>\nEl Gobierno ingres\u00f3 este martes al Congreso la indicaci\u00f3n para que la Cuenta P\u00fablica del Presidente Sebasti\u00e1n Pi\u00f1era sea 100% telem\u00e1tica \u00fanicamente por este a\u00f1o dada la situaci\u00f3n de la pandemia y que, adem\u00e1s, se efect\u00fae desde la Regi\u00f3n Metropolitana, en un lugar a\u00fan por definir.<\/p>\n<p>Si la iniciativa es aprobada esta jornada por la C\u00e1mara de Diputados, podr\u00eda ser despachada el mi\u00e9rcoles por el Senado.<br \/>\n<!--more--><br \/>\n\u201cDado que ya hay personas contagiadas en este edificio y dado lo que se ha sabido de los senadores, se hace justificable cada d\u00eda m\u00e1s tener esta Cuenta P\u00fablica de manera telem\u00e1tica en lo relativo a la presencia de los parlamentarios y de Presidente de la Rep\u00fablica\u201d, se\u00f1al\u00f3 el ministro de la Segpres, Felipe Ward, en la sede del Parlamento.<\/p>\n<p>Consultado si de todas formas podr\u00edan concurrir parlamentarios a Valpara\u00edso, el secretario de Estado respondi\u00f3 que \u201cpreferir\u00edamos que no. Insisto, hay una tradici\u00f3n republicana, por supuesto que es un momento muy importante en la vida del pa\u00eds, el Presidente da cuenta del Estado de la Naci\u00f3n, pero en esta oportunidad nos parece razonable que sea 100 por ciento telem\u00e1tica sin presencia de parlamentarios\u201d.<\/p>\n<p>Agreg\u00f3 que si la actividad es 100% remota, \u201cno tiene ning\u00fan sentido el despliegue del Presidente de la Rep\u00fablica a Valpara\u00edso desde Santiago, desde la Regi\u00f3n Metropolitana, donde est\u00e1 la mayor cantidad de contagiados\u201d.<\/p>\n<p>Subray\u00f3 que \u201cnos parece razonable que se piense en una Cuenta P\u00fablica 100% telem\u00e1tica con los parlamentarios asistiendo en forma remota y el Presidente haci\u00e9ndolo, como dice la indicaci\u00f3n, en la ciudad donde tiene residencia, en este caso Santiago\u201d, a\u00f1adi\u00f3.<\/p>\n<p>Acerca de si ser\u00eda La Moneda o la residencia del Mandatario el lugar f\u00edsico para la cuenta, el ministro Ward dijo que \u201cno est\u00e1 decidido, fue parte de lo que conversamos con la presidenta del Senado y el presidente de la C\u00e1mara de Diputados, queremos conversarlo tambi\u00e9n con los parlamentarios, que sea una decisi\u00f3n conjunta\u201d.<\/p>\n<p>No obstante, insisti\u00f3 en que \u201ctrasladar un despliegue presidencial desde la Regi\u00f3n Metropolitana a Valpara\u00edso, cuando aqu\u00ed no va a haber parlamentarios, nos parece innecesario\u201d.<br \/>\nhttp:\/\/lanacion.cl\/2020\/05\/19\/cuenta-publica-podria-ser-remota-e-incluso-desde-la-residencia-del-presidente\/<br \/>\nFUENTE. LA NACION.CL <\/p>\n","protected":false},"excerpt":{"rendered":"<p>El Gobierno ingres\u00f3 este martes al Congreso la indicaci\u00f3n para que la Cuenta P\u00fablica del Presidente Sebasti\u00e1n Pi\u00f1era sea 100% telem\u00e1tica \u00fanicamente por este a\u00f1o dada la situaci\u00f3n de la pandemia y que, adem\u00e1s, se efect\u00fae desde la Regi\u00f3n Metropolitana, en un lugar a\u00fan por definir. Si la iniciativa es aprobada esta jornada por la [&hellip;]<\/p>\n","protected":false},"author":51,"featured_media":0,"comment_status":"open","ping_status":"open","sticky":false,"template":"","format":"standard","meta":{"footnotes":""},"categories":[4,9,16,10,1,31,6,11],"tags":[548,165],"class_list":["post-25854","post","type-post","status-publish","format-standard","hentry","category-economia","category-educacion","category-nacional","category-nuevos-productos","category-uncategorized","category-salud","category-tecnologia","category-tendencias","tag-cuenta-publica","tag-gobierno"],"_links":{"self":[{"href":"http:\/\/www.lanuevaopcion.cl\/index.php?rest_route=\/wp\/v2\/posts\/25854","targetHints":{"allow":["GET"]}}],"collection":[{"href":"http:\/\/www.lanuevaopcion.cl\/index.php?rest_route=\/wp\/v2\/posts"}],"about":[{"href":"http:\/\/www.lanuevaopcion.cl\/index.php?rest_route=\/wp\/v2\/types\/post"}],"author":[{"embeddable":true,"href":"http:\/\/www.lanuevaopcion.cl\/index.php?rest_route=\/wp\/v2\/users\/51"}],"replies":[{"embeddable":true,"href":"http:\/\/www.lanuevaopcion.cl\/index.php?rest_route=%2Fwp%2Fv2%2Fcomments&post=25854"}],"version-history":[{"count":1,"href":"http:\/\/www.lanuevaopcion.cl\/index.php?rest_route=\/wp\/v2\/posts\/25854\/revisions"}],"predecessor-version":[{"id":25855,"href":"http:\/\/www.lanuevaopcion.cl\/index.php?rest_route=\/wp\/v2\/posts\/25854\/revisions\/25855"}],"wp:attachment":[{"href":"http:\/\/www.lanuevaopcion.cl\/index.php?rest_route=%2Fwp%2Fv2%2Fmedia&parent=25854"}],"wp:term":[{"taxonomy":"category","embeddable":true,"href":"http:\/\/www.lanuevaopcion.cl\/index.php?rest_route=%2Fwp%2Fv2%2Fcategories&post=25854"},{"taxonomy":"post_tag","embeddable":true,"href":"http:\/\/www.lanuevaopcion.cl\/index.php?rest_route=%2Fwp%2Fv2%2Ftags&post=25854"}],"curies":[{"name":"wp","href":"https:\/\/api.w.org\/{rel}","templated":true}]}}