{"id":25852,"date":"2020-05-20T03:44:17","date_gmt":"2020-05-20T03:44:17","guid":{"rendered":"http:\/\/www.lanuevaopcion.cl\/?p=25852"},"modified":"2020-05-20T03:44:17","modified_gmt":"2020-05-20T03:44:17","slug":"luis-castillo-regresa-al-minsal-como-coordinador-de-la-red-publica-y-privada-en-medio-de-la-crisis-sanitaria","status":"publish","type":"post","link":"http:\/\/www.lanuevaopcion.cl\/?p=25852","title":{"rendered":"LUIS CASTILLO REGRESA AL MINSAL COMO COORDINADOR DE LA RED P\u00daBLICA Y PRIVADA EN MEDIO DE LA CRISIS SANITARIA"},"content":{"rendered":"<p><img loading=\"lazy\" decoding=\"async\"  alt=\"\" src=\"http:\/\/lanacion.cl\/wp-content\/uploads\/2020\/05\/FOTO-LUIS-CASTILLO-324x160.jpg\" class=\"alignleft\" width=\"324\" height=\"160\" \/ class=\"alignleft\" style=\"margin-right:15px;margin-bottom:10px;float:left;\" ><br \/>\nEl doctor Luis Castillo, ex subsecretario de Redes Asistenciales, retorn\u00f3 al Ministerio de Salud y su rol ser\u00e1 el ser \u201ccoordinador\u201d entre la red p\u00fablica y privada para un \u201caumento de capacidad ventilatoria a los prestadores privados de salud\u201d.<\/p>\n<p>Castillo est\u00e1 trabajando como director de gesti\u00f3n de la Unidad de Pacientes Cr\u00edticos del Hospital Barros Luco y mantendr\u00e1 dicho cargo, consign\u00f3 La Tercera.<br \/>\n<!--more--><br \/>\nEl 12 de julio del a\u00f1o pasado, el Presidente Pi\u00f1era acept\u00f3 su renuncia luego que se viralizara el registro de una radio regional en el que se\u00f1al\u00f3 que los pacientes \u201csiempre quieren ir temprano a un consultorio, algunos de ellos, porque no solamente van a ver al m\u00e9dico, sino que es un elemento social, de reuni\u00f3n social\u201d.<\/p>\n<p>El vespertino La Segunda inform\u00f3 que su retorno qued\u00f3 zanjado en la v\u00edspera con la resoluci\u00f3n exenta 268 del Minsal, para desempe\u00f1arse como \u201ccoordinador\u201d entre la red p\u00fablica y privada para un \u201caumento de capacidad ventilatoria a los prestadores privados de salud\u201d.<br \/>\nhttp:\/\/lanacion.cl\/2020\/05\/19\/luis-castillo-regresa-al-minsal-como-coordinador-de-la-red-publica-y-privada-en-medio-de-la-crisis-sanitaria\/<br \/>\nFUENTE. LA NACION.CL<\/p>\n","protected":false},"excerpt":{"rendered":"<p>El doctor Luis Castillo, ex subsecretario de Redes Asistenciales, retorn\u00f3 al Ministerio de Salud y su rol ser\u00e1 el ser \u201ccoordinador\u201d entre la red p\u00fablica y privada para un \u201caumento de capacidad ventilatoria a los prestadores privados de salud\u201d. Castillo est\u00e1 trabajando como director de gesti\u00f3n de la Unidad de Pacientes Cr\u00edticos del Hospital Barros [&hellip;]<\/p>\n","protected":false},"author":51,"featured_media":0,"comment_status":"open","ping_status":"open","sticky":false,"template":"","format":"standard","meta":{"footnotes":""},"categories":[4,9,5,16,1,31,11],"tags":[480,547],"class_list":["post-25852","post","type-post","status-publish","format-standard","hentry","category-economia","category-educacion","category-internacional","category-nacional","category-uncategorized","category-salud","category-tendencias","tag-coronavirus","tag-ministerio-de-salud"],"_links":{"self":[{"href":"http:\/\/www.lanuevaopcion.cl\/index.php?rest_route=\/wp\/v2\/posts\/25852","targetHints":{"allow":["GET"]}}],"collection":[{"href":"http:\/\/www.lanuevaopcion.cl\/index.php?rest_route=\/wp\/v2\/posts"}],"about":[{"href":"http:\/\/www.lanuevaopcion.cl\/index.php?rest_route=\/wp\/v2\/types\/post"}],"author":[{"embeddable":true,"href":"http:\/\/www.lanuevaopcion.cl\/index.php?rest_route=\/wp\/v2\/users\/51"}],"replies":[{"embeddable":true,"href":"http:\/\/www.lanuevaopcion.cl\/index.php?rest_route=%2Fwp%2Fv2%2Fcomments&post=25852"}],"version-history":[{"count":1,"href":"http:\/\/www.lanuevaopcion.cl\/index.php?rest_route=\/wp\/v2\/posts\/25852\/revisions"}],"predecessor-version":[{"id":25853,"href":"http:\/\/www.lanuevaopcion.cl\/index.php?rest_route=\/wp\/v2\/posts\/25852\/revisions\/25853"}],"wp:attachment":[{"href":"http:\/\/www.lanuevaopcion.cl\/index.php?rest_route=%2Fwp%2Fv2%2Fmedia&parent=25852"}],"wp:term":[{"taxonomy":"category","embeddable":true,"href":"http:\/\/www.lanuevaopcion.cl\/index.php?rest_route=%2Fwp%2Fv2%2Fcategories&post=25852"},{"taxonomy":"post_tag","embeddable":true,"href":"http:\/\/www.lanuevaopcion.cl\/index.php?rest_route=%2Fwp%2Fv2%2Ftags&post=25852"}],"curies":[{"name":"wp","href":"https:\/\/api.w.org\/{rel}","templated":true}]}}