{"id":25850,"date":"2020-05-19T02:55:58","date_gmt":"2020-05-19T02:55:58","guid":{"rendered":"http:\/\/www.lanuevaopcion.cl\/?p=25850"},"modified":"2020-05-19T02:55:58","modified_gmt":"2020-05-19T02:55:58","slug":"incidentes-en-el-bosque-municipio-lamento-impacto-de-la-cuarentena-en-sus-vecinos","status":"publish","type":"post","link":"http:\/\/www.lanuevaopcion.cl\/?p=25850","title":{"rendered":"INCIDENTES EN EL BOSQUE: MUNICIPIO LAMENT\u00d3 IMPACTO DE LA CUARENTENA EN SUS VECINOS"},"content":{"rendered":"<p><img loading=\"lazy\" decoding=\"async\"  alt=\"\" src=\"http:\/\/lanacion.cl\/wp-content\/uploads\/2020\/05\/Incidentes-en-El-Bosque-tras-protesta-de-vecinos-ATON-324x160.jpg\" class=\"alignleft\" width=\"324\" height=\"160\" \/ class=\"alignleft\" style=\"margin-right:15px;margin-bottom:10px;float:left;\" ><br \/>\nDebido a los incidentes registrados este lunes en la comuna, la municipalidad de El Bosque lament\u00f3 profundamente la situaci\u00f3n que viven muchas de sus familias, debido a los efectos sociales y econ\u00f3micos de la cuarentena total que rige hace un mes en su territorio.<br \/>\n<!--more--><br \/>\n\u201cSon esos vecinos y vecinas que luego de m\u00e1s de un mes sin poder trabajar, sin haber recibido ni una medida concreta del Estado quienes est\u00e1n protestando\u201d, se\u00f1al\u00f3 el municipio en un comunicado en el que se refiri\u00f3 a la protesta realizada por habitantes de todas las edades que demandan ayudas m\u00e1s sustantivas de parte del Gobierno.<\/p>\n<p>A\u00f1adi\u00f3 que la manifestaci\u00f3n, que fue opacada por la acci\u00f3n violenta de encapuchados que llegaron con piedras y molotov a enfrentar a Carabineros, tuvo como prop\u00f3sito llamar la atenci\u00f3n del Ejecutivo, ya que cuando entr\u00f3 en confinamiento, \u201cEl Bosque exigi\u00f3 al Presidente Sebasti\u00e1n Pi\u00f1era medidas concretas en auxilio a las familias vulnerables y tambi\u00e9n para aquellas que iban a quedar sin posibilidad de salir a trabajar producto del confinamiento total de la comuna\u201d.<\/p>\n<p>\u201cVemos con mucha preocupaci\u00f3n las medidas adoptadas por el gobierno, ya que son insuficientes para los efectos que est\u00e1 provocando esta pandemia. El Ingreso Familiar de Emergencia, por ejemplo, no garantiza acceso permanente a una canasta b\u00e1sica mientras dure la emergencia, porque es escalonado y se puede prever que en el segundo mes las familias ya no tendr\u00e1n recursos suficientes para cubrir sus necesidades b\u00e1sicas de alimentaci\u00f3n, mientras el pa\u00eds est\u00e9 en pleno invierno\u201d, advirti\u00f3.<\/p>\n<p>Cabe recordar que la noche del domingo el gobernante anunci\u00f3 cinco medidas para reforzar lo que ya se estaba haciendo para paliar los efectos del coronavirus en el aspecto sanitario, social y econ\u00f3mico, entre ellas, la entrega de canastas de v\u00edveres para 2,5 millones de familias vulnerables y de la clase media m\u00e1s afectada con la crisis, as\u00ed como tambi\u00e9n apoyo sicol\u00f3gico y pisiqui\u00e1trico.<\/p>\n<p>La municipalidad que dirige el alcalde Sadi Melo, indic\u00f3 que \u201ceste impacto en la calidad de vida de vecinos y vecinas nos dispuso inmediatamente a realizar compras masivas de mercader\u00eda, para luego desplegar un proceso de distribuci\u00f3n entre las familias que m\u00e1s lo necesitan\u201d.<\/p>\n<p>Acot\u00f3 que, \u201chasta ahora, hemos repartido m\u00e1s de 2 mil ayudas de mercader\u00eda en toda la comuna, colaborando con 75 cajas para las villas San Francisco y 83 para la poblaci\u00f3n Vicente Huidobro, lugares donde se registr\u00f3 la protesta esta ma\u00f1ana\u201d.<\/p>\n<p>Recalc\u00f3 que esa iniciativa ha sido ejecutada con recursos municipales, \u201cesfuerzo que seguiremos haciendo en la medida que nuestro presupuesto municipal lo permita y distribuy\u00e9ndolo tal como lo hemos hecho, porque entendemos que para nadie es f\u00e1cil tener que pedir para poder comer\u201d, agreg\u00f3.<\/p>\n<p>Finalmente, enfatiz\u00f3, \u201chacemos un llamado al gobierno a no seguir cargando a los municipios una responsabilidad econ\u00f3mica que no podemos cubrir, nuestro presupuesto est\u00e1 afectado por esta pandemia y necesitamos que el Estado en su conjunto, se ponga la mano en el coraz\u00f3n porque los que lo necesitan son los sectores m\u00e1s vulnerables de la sociedad\u201d, concluy\u00f3.<br \/>\nhttp:\/\/lanacion.cl\/2020\/05\/18\/incidentes-en-el-bosque-municipio-lamento-impacto-de-la-cuarentena-en-sus-vecinos\/<br \/>\nFUENTE. LA NACION.CL <\/p>\n","protected":false},"excerpt":{"rendered":"<p>Debido a los incidentes registrados este lunes en la comuna, la municipalidad de El Bosque lament\u00f3 profundamente la situaci\u00f3n que viven muchas de sus familias, debido a los efectos sociales y econ\u00f3micos de la cuarentena total que rige hace un mes en su territorio.<\/p>\n","protected":false},"author":51,"featured_media":0,"comment_status":"open","ping_status":"open","sticky":false,"template":"","format":"standard","meta":{"footnotes":""},"categories":[8,4,30,1,31,11],"tags":[334,480,517],"class_list":["post-25850","post","type-post","status-publish","format-standard","hentry","category-cultura","category-economia","category-policial","category-uncategorized","category-salud","category-tendencias","tag-carabineros-de-chile","tag-coronavirus","tag-cuarentena"],"_links":{"self":[{"href":"http:\/\/www.lanuevaopcion.cl\/index.php?rest_route=\/wp\/v2\/posts\/25850","targetHints":{"allow":["GET"]}}],"collection":[{"href":"http:\/\/www.lanuevaopcion.cl\/index.php?rest_route=\/wp\/v2\/posts"}],"about":[{"href":"http:\/\/www.lanuevaopcion.cl\/index.php?rest_route=\/wp\/v2\/types\/post"}],"author":[{"embeddable":true,"href":"http:\/\/www.lanuevaopcion.cl\/index.php?rest_route=\/wp\/v2\/users\/51"}],"replies":[{"embeddable":true,"href":"http:\/\/www.lanuevaopcion.cl\/index.php?rest_route=%2Fwp%2Fv2%2Fcomments&post=25850"}],"version-history":[{"count":1,"href":"http:\/\/www.lanuevaopcion.cl\/index.php?rest_route=\/wp\/v2\/posts\/25850\/revisions"}],"predecessor-version":[{"id":25851,"href":"http:\/\/www.lanuevaopcion.cl\/index.php?rest_route=\/wp\/v2\/posts\/25850\/revisions\/25851"}],"wp:attachment":[{"href":"http:\/\/www.lanuevaopcion.cl\/index.php?rest_route=%2Fwp%2Fv2%2Fmedia&parent=25850"}],"wp:term":[{"taxonomy":"category","embeddable":true,"href":"http:\/\/www.lanuevaopcion.cl\/index.php?rest_route=%2Fwp%2Fv2%2Fcategories&post=25850"},{"taxonomy":"post_tag","embeddable":true,"href":"http:\/\/www.lanuevaopcion.cl\/index.php?rest_route=%2Fwp%2Fv2%2Ftags&post=25850"}],"curies":[{"name":"wp","href":"https:\/\/api.w.org\/{rel}","templated":true}]}}