{"id":25848,"date":"2020-05-18T18:07:44","date_gmt":"2020-05-18T18:07:44","guid":{"rendered":"http:\/\/www.lanuevaopcion.cl\/?p=25848"},"modified":"2020-05-18T18:07:44","modified_gmt":"2020-05-18T18:07:44","slug":"casos-de-covid-19-se-elevaron-a-46059-hay-478-fallecidos-y-20165-pacientes-se-han-recuperado","status":"publish","type":"post","link":"http:\/\/www.lanuevaopcion.cl\/?p=25848","title":{"rendered":"CASOS DE COVID-19 SE ELEVARON A 46.059, HAY 478 FALLECIDOS Y 20.165 PACIENTES SE HAN RECUPERADO"},"content":{"rendered":"<p><img loading=\"lazy\" decoding=\"async\"  alt=\"\" src=\"http:\/\/lanacion.cl\/wp-content\/uploads\/2020\/05\/FOTO-MA%C3%91ALICH-LUNES-324x160.jpg\" class=\"alignleft\" width=\"324\" height=\"160\" \/ class=\"alignleft\" style=\"margin-right:15px;margin-bottom:10px;float:left;\" ><br \/>\nEl ministro de Salud, Jaime Ma\u00f1alich, antes de que se diera a conocer este lunes el nuevo balance de casos confirmados de coronavirus, o Covid-19, y el reporte de fallecidos record\u00f3 las medidas dadas a conocer la noche de este domingo, en cadena nacional, por el Presidente Pi\u00f1era y remarc\u00f3 que \u201cse necesita el compromiso de cada uno\u201d para enfrentar esta pandemia.<br \/>\n<!--more--><br \/>\nLa subsecretaria de Salud P\u00fablica, Paula Daza, inform\u00f3, a su turno, que hasta las 21 horas de este domingo se reportaron 2.278 casos nuevos (este domingo se notificaron 2.353), de los cuales 2.018 presentaron s\u00edntomas y 260 fueron asintom\u00e1ticos. Estas cifras dan cuenta de un total de 46.059 contagios en el pa\u00eds.<\/p>\n<p>Este domingo se reportaron 28 fallecidos, de los cuales \u2013se indic\u00f3-la mayor\u00eda ten\u00eda enfermedades cr\u00f3nicas.<\/p>\n<p>Hasta el momento 20.165 enfermos se han recuperado y hay 25.416 contagiantes activos.<\/p>\n<p>El subsecretario de Redes Asistenciales, Arturo Z\u00fa\u00f1iga, detall\u00f3 que hay 807 pacientes internados en Unidades de Cuidados Intensivos, 670 se encuentran conectados a respirador mec\u00e1nico y 116 est\u00e1n en una situaci\u00f3n cr\u00edtica.<\/p>\n<p>Z\u00fa\u00f1iga recalc\u00f3 que a nivel nacional hay una ocupaci\u00f3n (de la red hospitalaria) de 81% y en la Regi\u00f3n Metropolitana de 91%.<\/p>\n<p>Este domingo se realizaron 17.515 ex\u00e1menes y los test realizados en total ascienden a 381.011.<br \/>\nhttp:\/\/lanacion.cl\/2020\/05\/18\/casos-de-covid-19-se-elevaron-a-46-059-hay-478-fallecidos-y-20-165-pacientes-se-han-recuperado\/<br \/>\nFUENTE. LA NACION.CL<\/p>\n","protected":false},"excerpt":{"rendered":"<p>El ministro de Salud, Jaime Ma\u00f1alich, antes de que se diera a conocer este lunes el nuevo balance de casos confirmados de coronavirus, o Covid-19, y el reporte de fallecidos record\u00f3 las medidas dadas a conocer la noche de este domingo, en cadena nacional, por el Presidente Pi\u00f1era y remarc\u00f3 que \u201cse necesita el compromiso [&hellip;]<\/p>\n","protected":false},"author":51,"featured_media":0,"comment_status":"open","ping_status":"open","sticky":false,"template":"","format":"standard","meta":{"footnotes":""},"categories":[8,4,16,1,31,11],"tags":[480],"class_list":["post-25848","post","type-post","status-publish","format-standard","hentry","category-cultura","category-economia","category-nacional","category-uncategorized","category-salud","category-tendencias","tag-coronavirus"],"_links":{"self":[{"href":"http:\/\/www.lanuevaopcion.cl\/index.php?rest_route=\/wp\/v2\/posts\/25848","targetHints":{"allow":["GET"]}}],"collection":[{"href":"http:\/\/www.lanuevaopcion.cl\/index.php?rest_route=\/wp\/v2\/posts"}],"about":[{"href":"http:\/\/www.lanuevaopcion.cl\/index.php?rest_route=\/wp\/v2\/types\/post"}],"author":[{"embeddable":true,"href":"http:\/\/www.lanuevaopcion.cl\/index.php?rest_route=\/wp\/v2\/users\/51"}],"replies":[{"embeddable":true,"href":"http:\/\/www.lanuevaopcion.cl\/index.php?rest_route=%2Fwp%2Fv2%2Fcomments&post=25848"}],"version-history":[{"count":1,"href":"http:\/\/www.lanuevaopcion.cl\/index.php?rest_route=\/wp\/v2\/posts\/25848\/revisions"}],"predecessor-version":[{"id":25849,"href":"http:\/\/www.lanuevaopcion.cl\/index.php?rest_route=\/wp\/v2\/posts\/25848\/revisions\/25849"}],"wp:attachment":[{"href":"http:\/\/www.lanuevaopcion.cl\/index.php?rest_route=%2Fwp%2Fv2%2Fmedia&parent=25848"}],"wp:term":[{"taxonomy":"category","embeddable":true,"href":"http:\/\/www.lanuevaopcion.cl\/index.php?rest_route=%2Fwp%2Fv2%2Fcategories&post=25848"},{"taxonomy":"post_tag","embeddable":true,"href":"http:\/\/www.lanuevaopcion.cl\/index.php?rest_route=%2Fwp%2Fv2%2Ftags&post=25848"}],"curies":[{"name":"wp","href":"https:\/\/api.w.org\/{rel}","templated":true}]}}