{"id":25816,"date":"2020-05-06T22:52:39","date_gmt":"2020-05-06T22:52:39","guid":{"rendered":"http:\/\/www.lanuevaopcion.cl\/?p=25816"},"modified":"2020-05-06T22:52:39","modified_gmt":"2020-05-06T22:52:39","slug":"ingreso-familiar-de-emergencia-senado-aprobo-en-general-el-proyecto-pero-sin-el-monto-del-bono","status":"publish","type":"post","link":"http:\/\/www.lanuevaopcion.cl\/?p=25816","title":{"rendered":"INGRESO FAMILIAR DE EMERGENCIA: SENADO APROB\u00d3 EN GENERAL EL PROYECTO, PERO SIN EL MONTO DEL BONO"},"content":{"rendered":"<p><img loading=\"lazy\" decoding=\"async\"  alt=\"\" src=\"http:\/\/lanacion.cl\/wp-content\/uploads\/2020\/05\/FOTO-INGRESO--324x160.jpg\" class=\"alignleft\" width=\"324\" height=\"160\" \/ class=\"alignleft\" style=\"margin-right:15px;margin-bottom:10px;float:left;\" ><br \/>\nLa Sala del Senado aprob\u00f3 en general el proyecto de Ingreso Familiar de Emergencia, pero no hubo acuerdo respecto del monto y su mecanismo de entrega, por lo que no se descarta que el Gobierno insista con un veto presidencial.<\/p>\n<p>El proyecto del Ejecutivo plantea un monto de 65 mil pesos por persona beneficiada, mientras que los parlamentarios de oposici\u00f3n solicitan que se aumente esa cifra a $80 mil.<br \/>\n<!--more--><br \/>\nEl traspi\u00e9 gubernamental era predecible, ya que el proyecto hab\u00eda sufrido el mismo rev\u00e9s en la C\u00e1mara de Diputados y este martes en la Comisi\u00f3n de Hacienda del Senado.<\/p>\n<p>El debate se extendi\u00f3 por seis horas y, tras no conseguir su objetivo principal, en el Gobierno no se descarta recurrir a un veto presidencial para reponer el proyecto original, con la cifra a repartir, en la discusi\u00f3n parlamentaria.<\/p>\n<p>La iniciativa fue aprobada en general por la unanimidad de los senadores (42 votos), pero respecto de las cifras y la forma de entrega del bono solo hubo 18 votos a favor y 24 en contra.<\/p>\n<p>El ministro de Hacienda, Ignacio Briones, hab\u00eda sido tajante al se\u00f1alar que \u201cese es el monto\u201d, en alusi\u00f3n a que no exist\u00eda posibilidad alguna de modificar los $65 mil pesos, lo que luego fue refrendado por el mismo Presidente Pi\u00f1era y por los ministros de Desarrollo Social, Sebasti\u00e1n Sichel, y de la Segpres, Felipe Ward, quienes hablaron de la necesidad de tener \u201cresponsabilidad fiscal\u201d en el contexto de la crisis por el Covid-19.<br \/>\nhttp:\/\/lanacion.cl\/2020\/05\/06\/ingreso-familiar-de-emergencia-senado-aprobo-en-general-el-proyecto-pero-sin-el-monto-del-bono\/<br \/>\nFUENTE. LA NACION.CL<\/p>\n","protected":false},"excerpt":{"rendered":"<p>La Sala del Senado aprob\u00f3 en general el proyecto de Ingreso Familiar de Emergencia, pero no hubo acuerdo respecto del monto y su mecanismo de entrega, por lo que no se descarta que el Gobierno insista con un veto presidencial. El proyecto del Ejecutivo plantea un monto de 65 mil pesos por persona beneficiada, mientras [&hellip;]<\/p>\n","protected":false},"author":51,"featured_media":0,"comment_status":"open","ping_status":"open","sticky":false,"template":"","format":"standard","meta":{"footnotes":""},"categories":[4,16,1,31,11],"tags":[535,378],"class_list":["post-25816","post","type-post","status-publish","format-standard","hentry","category-economia","category-nacional","category-uncategorized","category-salud","category-tendencias","tag-covid-19","tag-senadores"],"_links":{"self":[{"href":"http:\/\/www.lanuevaopcion.cl\/index.php?rest_route=\/wp\/v2\/posts\/25816","targetHints":{"allow":["GET"]}}],"collection":[{"href":"http:\/\/www.lanuevaopcion.cl\/index.php?rest_route=\/wp\/v2\/posts"}],"about":[{"href":"http:\/\/www.lanuevaopcion.cl\/index.php?rest_route=\/wp\/v2\/types\/post"}],"author":[{"embeddable":true,"href":"http:\/\/www.lanuevaopcion.cl\/index.php?rest_route=\/wp\/v2\/users\/51"}],"replies":[{"embeddable":true,"href":"http:\/\/www.lanuevaopcion.cl\/index.php?rest_route=%2Fwp%2Fv2%2Fcomments&post=25816"}],"version-history":[{"count":1,"href":"http:\/\/www.lanuevaopcion.cl\/index.php?rest_route=\/wp\/v2\/posts\/25816\/revisions"}],"predecessor-version":[{"id":25817,"href":"http:\/\/www.lanuevaopcion.cl\/index.php?rest_route=\/wp\/v2\/posts\/25816\/revisions\/25817"}],"wp:attachment":[{"href":"http:\/\/www.lanuevaopcion.cl\/index.php?rest_route=%2Fwp%2Fv2%2Fmedia&parent=25816"}],"wp:term":[{"taxonomy":"category","embeddable":true,"href":"http:\/\/www.lanuevaopcion.cl\/index.php?rest_route=%2Fwp%2Fv2%2Fcategories&post=25816"},{"taxonomy":"post_tag","embeddable":true,"href":"http:\/\/www.lanuevaopcion.cl\/index.php?rest_route=%2Fwp%2Fv2%2Ftags&post=25816"}],"curies":[{"name":"wp","href":"https:\/\/api.w.org\/{rel}","templated":true}]}}