{"id":25691,"date":"2020-03-27T15:39:05","date_gmt":"2020-03-27T15:39:05","guid":{"rendered":"http:\/\/www.lanuevaopcion.cl\/?p=25691"},"modified":"2020-03-27T15:39:05","modified_gmt":"2020-03-27T15:39:05","slug":"denuncian-el-robo-sistematico-de-mascarillas-y-guantes-en-la-red-publica","status":"publish","type":"post","link":"http:\/\/www.lanuevaopcion.cl\/?p=25691","title":{"rendered":"DENUNCIAN EL ROBO SISTEM\u00c1TICO DE MASCARILLAS Y GUANTES EN LA RED P\u00daBLICA"},"content":{"rendered":"<p><img loading=\"lazy\" decoding=\"async\"  alt=\"\" src=\"http:\/\/lanacion.cl\/wp-content\/uploads\/2020\/03\/mascarillas-aton-324x160.jpg\" class=\"alignleft\" width=\"324\" height=\"160\" \/ class=\"alignleft\" style=\"margin-right:15px;margin-bottom:10px;float:left;\" ><br \/>\nEl subsecretario de Redes Asistenciales, Arturo Z\u00fa\u00f1iga, denunci\u00f3 este viernes el \u201crobo sistem\u00e1tico\u201d de elementos de protecci\u00f3n personal para los funcionarios de la salud p\u00fablica, como mascarillas y guantes, adquiridos por la Cenabast para enfrentar la emergencia de Covid-19.<\/p>\n<p>\u201cLamentamos el robo sistem\u00e1tico de elementos de protecci\u00f3n personal, por esto se han realizado las denuncias del caso, tanto a fiscal\u00eda como a las polic\u00edas correspondientes\u201d, se\u00f1al\u00f3 Z\u00fa\u00f1iga en La Moneda.<br \/>\n<!--more--><br \/>\n\u201cEsto es un delito grave, tiene sanciones de presidio, esperamos que quienes han sustra\u00eddo estos elementos de trabajo piensen en el grave da\u00f1o que han provocado\u201d, recalc\u00f3, junto con informar que hay 32 funcionarios de la red p\u00fablica contagiados con coronavirus.<\/p>\n<p>\u201cLos elementos de protecci\u00f3n son para cuidar a nuestro personal que nos va a atender en los hospitales, quienes est\u00e1n m\u00e1s expuestos y que van a arriesgar sus vidas para poder enfrentar esta pandemia\u201d, enfatiz\u00f3.<\/p>\n<p>Tambi\u00e9n se\u00f1al\u00f3 que \u201chemos entregado ya m\u00e1s de un mill\u00f3n y medio de mascarillas quir\u00fargicas y m\u00e1s de 300.000 mascarillas de alta eficiencia. Quiero hacer un llamado al uso racional de los elementos de protecci\u00f3n personal, para lo cual existen protocolos emanados del Ministerio de Salud\u201d.<\/p>\n<p>Con relaci\u00f3n al plan gubernamental de emergencia, dijo que \u201cpara el manejo de la pandemia estamos con todos los recursos de la red p\u00fablica y privada, en el sistema integrado Covid-19\u201d, y anunci\u00f3 que \u201cvamos a pasar de 3.300 camas a 4.500 en este minuto y vamos a llegar a 5.500 prontamente a trav\u00e9s de este sistema integrado, que considera tanto las camas p\u00fablicas como privadas\u201d.<br \/>\nhttp:\/\/lanacion.cl\/2020\/03\/27\/denuncian-el-robo-sistematico-de-mascarillas-y-guantes-en-la-red-publica\/<br \/>\nFUENTE. LA NACION.CL <\/p>\n","protected":false},"excerpt":{"rendered":"<p>El subsecretario de Redes Asistenciales, Arturo Z\u00fa\u00f1iga, denunci\u00f3 este viernes el \u201crobo sistem\u00e1tico\u201d de elementos de protecci\u00f3n personal para los funcionarios de la salud p\u00fablica, como mascarillas y guantes, adquiridos por la Cenabast para enfrentar la emergencia de Covid-19. \u201cLamentamos el robo sistem\u00e1tico de elementos de protecci\u00f3n personal, por esto se han realizado las denuncias [&hellip;]<\/p>\n","protected":false},"author":51,"featured_media":0,"comment_status":"open","ping_status":"open","sticky":false,"template":"","format":"standard","meta":{"footnotes":""},"categories":[8,4,9,16,30,1,11],"tags":[480,315,518,266],"class_list":["post-25691","post","type-post","status-publish","format-standard","hentry","category-cultura","category-economia","category-educacion","category-nacional","category-policial","category-uncategorized","category-tendencias","tag-coronavirus","tag-fiscalia","tag-mascarillas","tag-robo"],"_links":{"self":[{"href":"http:\/\/www.lanuevaopcion.cl\/index.php?rest_route=\/wp\/v2\/posts\/25691","targetHints":{"allow":["GET"]}}],"collection":[{"href":"http:\/\/www.lanuevaopcion.cl\/index.php?rest_route=\/wp\/v2\/posts"}],"about":[{"href":"http:\/\/www.lanuevaopcion.cl\/index.php?rest_route=\/wp\/v2\/types\/post"}],"author":[{"embeddable":true,"href":"http:\/\/www.lanuevaopcion.cl\/index.php?rest_route=\/wp\/v2\/users\/51"}],"replies":[{"embeddable":true,"href":"http:\/\/www.lanuevaopcion.cl\/index.php?rest_route=%2Fwp%2Fv2%2Fcomments&post=25691"}],"version-history":[{"count":1,"href":"http:\/\/www.lanuevaopcion.cl\/index.php?rest_route=\/wp\/v2\/posts\/25691\/revisions"}],"predecessor-version":[{"id":25692,"href":"http:\/\/www.lanuevaopcion.cl\/index.php?rest_route=\/wp\/v2\/posts\/25691\/revisions\/25692"}],"wp:attachment":[{"href":"http:\/\/www.lanuevaopcion.cl\/index.php?rest_route=%2Fwp%2Fv2%2Fmedia&parent=25691"}],"wp:term":[{"taxonomy":"category","embeddable":true,"href":"http:\/\/www.lanuevaopcion.cl\/index.php?rest_route=%2Fwp%2Fv2%2Fcategories&post=25691"},{"taxonomy":"post_tag","embeddable":true,"href":"http:\/\/www.lanuevaopcion.cl\/index.php?rest_route=%2Fwp%2Fv2%2Ftags&post=25691"}],"curies":[{"name":"wp","href":"https:\/\/api.w.org\/{rel}","templated":true}]}}