{"id":25652,"date":"2020-03-19T10:09:14","date_gmt":"2020-03-19T10:09:14","guid":{"rendered":"http:\/\/www.lanuevaopcion.cl\/?p=25652"},"modified":"2020-03-19T10:09:14","modified_gmt":"2020-03-19T10:09:14","slug":"pinera-decreta-estado-de-catastrofe-en-todo-el-pais-por-contagios-de-coronavirus","status":"publish","type":"post","link":"http:\/\/www.lanuevaopcion.cl\/?p=25652","title":{"rendered":"PI\u00d1ERA DECRETA ESTADO DE CAT\u00c1STROFE EN TODO EL PA\u00cdS POR CONTAGIOS DE CORONAVIRUS"},"content":{"rendered":"<p><img loading=\"lazy\" decoding=\"async\"  alt=\"\" src=\"http:\/\/lanacion.cl\/wp-content\/uploads\/2020\/03\/FOTO-PI%C3%91ERA-VALE-VALE-2-324x160.jpg\" class=\"alignleft\" width=\"324\" height=\"160\" \/ class=\"alignleft\" style=\"margin-right:15px;margin-bottom:10px;float:left;\" ><br \/>\nPoco antes de las 11 horas de este mi\u00e9rcoles, el Presidente Sebasti\u00e1n Pi\u00f1era inform\u00f3 en La Moneda que el Gobierno decret\u00f3 Estado de Excepci\u00f3n Constitucional de Cat\u00e1strofe por 90 d\u00edas. La medida comenzar\u00e1 a regir a las 0 horas de este jueves.<\/p>\n<p>El Mandatario dio a conocer la medida luego del punto de prensa del ministro de Salud, Jaime Ma\u00f1alich, en el que confirm\u00f3 que los casos de Covid-19 se elevaron a 238 en el pa\u00eds. Los 37 casos nuevos fueron notificados entre las 9 y 21 horas de este martes. Chile se encuentra en fase 4 del contagio lo que implica la libre circulaci\u00f3n del virus.<br \/>\n<!--more--><br \/>\nJunto con dar \u201ctranquilidad a todos los chilenos\u201d, el Presidente detall\u00f3 lo que implica un Estado de Excepci\u00f3n Constitucional de Cat\u00e1strofe.<\/p>\n<p>Remarc\u00f3 que este Estado de Excepci\u00f3n \u201ctiene como objetivo anticiparnos, prepararnos para enfrentar bien las etapas que vienen en esta pandemia\u201d.<\/p>\n<p>Seg\u00fan dijo, esto permitir\u00e1 proteger los hospitales, los lugares donde se presta atenci\u00f3n, \u201cproteger la cadena log\u00edstica, de traslado de insumos m\u00e9dicos, cuidar el traslado de pacientes y personal m\u00e9dico y la evacuaci\u00f3n de personas que sea necesario\u201d. Esto adem\u00e1s de \u201cresguardar el cumplimiento de las cuarentenas y de las medidas de aislamiento social que hemos establecido, garantizar la cadena de producci\u00f3n y distribuci\u00f3n para asegurar el normal abastecimiento de bienes de nuestra poblaci\u00f3n\u201d. Todo ello adem\u00e1s de la protecci\u00f3n \u201cde nuestras fronteras\u201d.<\/p>\n<p>MEDIDAS QUE SE PUEDEN APLICAR<br \/>\nEl Estado de Excepci\u00f3n permite la aplicaci\u00f3n de varias medidas, indic\u00f3 el Mandatario, \u201cincluyendo la restricci\u00f3n de reuniones en espacios p\u00fablicos, para evitar las aglomeraciones, asegurar la distribuci\u00f3n de bienes y servicios, ordenar la formaci\u00f3n de reservas de alimentos y otros bienes necesarios para asegurar la subsistencia de la poblaci\u00f3n\u201d.<\/p>\n<p>Esto adem\u00e1s -detall\u00f3- \u201cde establecer cuarentenas o toques de queda\u201d, dictar medidas para la protecci\u00f3n de servicios de utilidad p\u00fablica y limitar el tr\u00e1nsito o locomoci\u00f3n y personas.<\/p>\n<p>A\u00f1adi\u00f3 que esta condici\u00f3n permite tambi\u00e9n \u201cuna valiosa y necesaria colaboraci\u00f3n de nuestras Fuerzas Armadas, para enfrentar mejor esta crisis y establece la designaci\u00f3n de Jefes de la Defensa Nacional los cuales asumir\u00e1n el mando de las Fuerzas de Orden y Seguridad en las zonas respectivas para poder velar por el orden p\u00fablico, precaver el da\u00f1o o peligro que pueda enfrentar la seguridad nacional\u201d.<\/p>\n<p>Las medidas que se vayan aplicando -indic\u00f3- se har\u00e1 en relaci\u00f3n al conocimiento, la ciencia, la opini\u00f3n de los expertos y seg\u00fan la evoluci\u00f3n que este virus tenga en el pa\u00eds. Todas estas acciones \u201cser\u00e1 debida y oportunamente informadas\u201d todas nuestra poblaci\u00f3n.<\/p>\n<p>Pi\u00f1era recalc\u00f3 que las Fuerzas Armadas \u201cpodr\u00e1n actuar como lo han hecho en otras cat\u00e1strofes necesarias como verdaderas fuerzas sanitarias y de ayuda colaborando con todos nuestros funcionarios del sistema de salud\u201d.<br \/>\nhttp:\/\/lanacion.cl\/2020\/03\/18\/pinera-decreta-estado-de-catastrofe-en-todo-el-pais-por-contagios-de-coronavirus\/<br \/>\nFUENTE. LA NACION.CL <\/p>\n","protected":false},"excerpt":{"rendered":"<p>Poco antes de las 11 horas de este mi\u00e9rcoles, el Presidente Sebasti\u00e1n Pi\u00f1era inform\u00f3 en La Moneda que el Gobierno decret\u00f3 Estado de Excepci\u00f3n Constitucional de Cat\u00e1strofe por 90 d\u00edas. La medida comenzar\u00e1 a regir a las 0 horas de este jueves. El Mandatario dio a conocer la medida luego del punto de prensa del [&hellip;]<\/p>\n","protected":false},"author":51,"featured_media":0,"comment_status":"open","ping_status":"open","sticky":false,"template":"","format":"standard","meta":{"footnotes":""},"categories":[4,9,5,16,30,1,11],"tags":[478],"class_list":["post-25652","post","type-post","status-publish","format-standard","hentry","category-economia","category-educacion","category-internacional","category-nacional","category-policial","category-uncategorized","category-tendencias","tag-estado-de-catastrofe"],"_links":{"self":[{"href":"http:\/\/www.lanuevaopcion.cl\/index.php?rest_route=\/wp\/v2\/posts\/25652","targetHints":{"allow":["GET"]}}],"collection":[{"href":"http:\/\/www.lanuevaopcion.cl\/index.php?rest_route=\/wp\/v2\/posts"}],"about":[{"href":"http:\/\/www.lanuevaopcion.cl\/index.php?rest_route=\/wp\/v2\/types\/post"}],"author":[{"embeddable":true,"href":"http:\/\/www.lanuevaopcion.cl\/index.php?rest_route=\/wp\/v2\/users\/51"}],"replies":[{"embeddable":true,"href":"http:\/\/www.lanuevaopcion.cl\/index.php?rest_route=%2Fwp%2Fv2%2Fcomments&post=25652"}],"version-history":[{"count":1,"href":"http:\/\/www.lanuevaopcion.cl\/index.php?rest_route=\/wp\/v2\/posts\/25652\/revisions"}],"predecessor-version":[{"id":25653,"href":"http:\/\/www.lanuevaopcion.cl\/index.php?rest_route=\/wp\/v2\/posts\/25652\/revisions\/25653"}],"wp:attachment":[{"href":"http:\/\/www.lanuevaopcion.cl\/index.php?rest_route=%2Fwp%2Fv2%2Fmedia&parent=25652"}],"wp:term":[{"taxonomy":"category","embeddable":true,"href":"http:\/\/www.lanuevaopcion.cl\/index.php?rest_route=%2Fwp%2Fv2%2Fcategories&post=25652"},{"taxonomy":"post_tag","embeddable":true,"href":"http:\/\/www.lanuevaopcion.cl\/index.php?rest_route=%2Fwp%2Fv2%2Ftags&post=25652"}],"curies":[{"name":"wp","href":"https:\/\/api.w.org\/{rel}","templated":true}]}}