{"id":25560,"date":"2020-02-17T03:38:58","date_gmt":"2020-02-17T03:38:58","guid":{"rendered":"http:\/\/www.lanuevaopcion.cl\/?p=25560"},"modified":"2020-02-17T03:40:09","modified_gmt":"2020-02-17T03:40:09","slug":"por-30-querellas-tribunal-autoriza-a-la-fiscalia-para-interrogar-al-general-rozas","status":"publish","type":"post","link":"http:\/\/www.lanuevaopcion.cl\/?p=25560","title":{"rendered":"POR 30 QUERELLAS: TRIBUNAL AUTORIZA A LA FISCAL\u00cdA PARA INTERROGAR AL GENERAL ROZAS"},"content":{"rendered":"<p><img loading=\"lazy\" decoding=\"async\"  alt=\"\" src=\"http:\/\/lanacion.cl\/wp-content\/uploads\/2020\/02\/Aton_389279-1-324x160.jpg\" class=\"alignleft\" width=\"324\" height=\"160\" \/ class=\"alignleft\" style=\"margin-right:15px;margin-bottom:10px;float:left;\" ><br \/>\nEl general director de Carabineros, Mario Rozas, ser\u00e1 interrogado esta semana por la fiscal regional de Valpara\u00edso, Claudia Pervancich, por las 30 querellas judiciales que pesan en su contra como m\u00e1ximo responsable de la acci\u00f3n de la instituci\u00f3n policial, en el marco del estallido social.<br \/>\n<!--more--><br \/>\nHace unos d\u00edas el S\u00e9ptimo Juzgado de Garant\u00eda de Santiago autoriz\u00f3 la diligencia, producto de las reiteradas acusaciones por violaciones a los derechos humanos que enfrenta la polic\u00eda uniformada.<\/p>\n<p>Seg\u00fan consigna el Poder Judicial, en total son 30 los libelos que pesan sobre la m\u00e1xima autoridad policial desde el pasado 18 de octubre, 21 de ellas por delitos de lesa humanidad y nueve acciones penales por el delito de torturas y apremios ileg\u00edtimos.<\/p>\n<p>Esta ser\u00e1 la primera vez en que Rozas declarar\u00e1 en calidad de acusado en causas como la muerte de Mauricio Fredes en las cercan\u00edas de Plaza Baquedano, el atropello de \u00d3scar P\u00e9rez por dos veh\u00edculos policiales y diversos casos de trauma ocular.<\/p>\n<p>Al respecto, el vocero de Amnist\u00eda Internacional Chile, Roberto Morales, explic\u00f3 a La Tercera que \u201ces muy importante que las investigaciones que se realicen en el marco de las violaciones de DD.HH durante el estallido social consideren no solo a los autores materiales -que por supuesto tienen responsabilidad penal-, pero que entendiendo que ellos son funcionarios del Estado y de un servicio policial o militar tambi\u00e9n se considere la responsabilidad del mando\u201d.<\/p>\n<p>Por su parte, el senador de Revoluci\u00f3n Democr\u00e1tica e integrante de la Comisi\u00f3n de DDHH, Juan Ignacio Latorre, coincidi\u00f3 en que han existido violaciones a los derechos fundamentales por parte de \u201cCarabineros principalmente\u201d, instituci\u00f3n que a su juicio est\u00e1 \u201cfuera de control.<\/p>\n<p>Asimismo, el representante del Frente Amplio sentenci\u00f3 que es \u201ccomplejo que un general director est\u00e9 compareciendo ante la justicia y defendi\u00e9ndose en tribunales y al mismo tiempo dirija una instituci\u00f3n que est\u00e1 pasando una crisis muy compleja, que requiere una intervenci\u00f3n profunda\u201d.<br \/>\nhttp:\/\/lanacion.cl\/2020\/02\/16\/por-30-querellas-tribunal-autoriza-a-la-fiscalia-para-interrogar-al-general-rozas\/<br \/>\nFUENTE. LA NACION.CL<\/p>\n","protected":false},"excerpt":{"rendered":"<p>El general director de Carabineros, Mario Rozas, ser\u00e1 interrogado esta semana por la fiscal regional de Valpara\u00edso, Claudia Pervancich, por las 30 querellas judiciales que pesan en su contra como m\u00e1ximo responsable de la acci\u00f3n de la instituci\u00f3n policial, en el marco del estallido social.<\/p>\n","protected":false},"author":51,"featured_media":0,"comment_status":"open","ping_status":"open","sticky":false,"template":"","format":"standard","meta":{"footnotes":""},"categories":[4,16,30,11],"tags":[490,315],"class_list":["post-25560","post","type-post","status-publish","format-standard","hentry","category-economia","category-nacional","category-policial","category-tendencias","tag-director-de-carabineros","tag-fiscalia"],"_links":{"self":[{"href":"http:\/\/www.lanuevaopcion.cl\/index.php?rest_route=\/wp\/v2\/posts\/25560","targetHints":{"allow":["GET"]}}],"collection":[{"href":"http:\/\/www.lanuevaopcion.cl\/index.php?rest_route=\/wp\/v2\/posts"}],"about":[{"href":"http:\/\/www.lanuevaopcion.cl\/index.php?rest_route=\/wp\/v2\/types\/post"}],"author":[{"embeddable":true,"href":"http:\/\/www.lanuevaopcion.cl\/index.php?rest_route=\/wp\/v2\/users\/51"}],"replies":[{"embeddable":true,"href":"http:\/\/www.lanuevaopcion.cl\/index.php?rest_route=%2Fwp%2Fv2%2Fcomments&post=25560"}],"version-history":[{"count":2,"href":"http:\/\/www.lanuevaopcion.cl\/index.php?rest_route=\/wp\/v2\/posts\/25560\/revisions"}],"predecessor-version":[{"id":25562,"href":"http:\/\/www.lanuevaopcion.cl\/index.php?rest_route=\/wp\/v2\/posts\/25560\/revisions\/25562"}],"wp:attachment":[{"href":"http:\/\/www.lanuevaopcion.cl\/index.php?rest_route=%2Fwp%2Fv2%2Fmedia&parent=25560"}],"wp:term":[{"taxonomy":"category","embeddable":true,"href":"http:\/\/www.lanuevaopcion.cl\/index.php?rest_route=%2Fwp%2Fv2%2Fcategories&post=25560"},{"taxonomy":"post_tag","embeddable":true,"href":"http:\/\/www.lanuevaopcion.cl\/index.php?rest_route=%2Fwp%2Fv2%2Ftags&post=25560"}],"curies":[{"name":"wp","href":"https:\/\/api.w.org\/{rel}","templated":true}]}}