{"id":25510,"date":"2020-01-29T11:25:44","date_gmt":"2020-01-29T11:25:44","guid":{"rendered":"http:\/\/www.lanuevaopcion.cl\/?p=25510"},"modified":"2020-01-29T11:25:44","modified_gmt":"2020-01-29T11:25:44","slug":"atacama-pinera-anuncia-que-declarara-estado-de-catastrofe-en-comunas-afectadas-por-intensas-lluvias","status":"publish","type":"post","link":"http:\/\/www.lanuevaopcion.cl\/?p=25510","title":{"rendered":"ATACAMA: PI\u00d1ERA ANUNCIA QUE DECLARAR\u00c1 ESTADO DE CAT\u00c1STROFE EN COMUNAS AFECTADAS POR INTENSAS LLUVIAS"},"content":{"rendered":"<p><img loading=\"lazy\" decoding=\"async\"  alt=\"\" src=\"http:\/\/lanacion.cl\/wp-content\/uploads\/2020\/01\/FOTO-BARRO-324x160.jpg\" class=\"alignleft\" width=\"324\" height=\"160\" \/ class=\"alignleft\" style=\"margin-right:15px;margin-bottom:10px;float:left;\" ><br \/>\nEl Presidente Pi\u00f1era, junto al ministro del Interior Gonzalo Blumel, lleg\u00f3 la tarde de este martes a la Regi\u00f3n de Atacama que se ha visto afectada en las \u00faltimas horas por fuertes lluvias y un aluvi\u00f3n<\/p>\n<p>La noche de este lunes se vivi\u00f3 en la zona una de las jornadas m\u00e1s cr\u00edticas, debido a deslizamientos de tierra y crecidas de r\u00edos, dejando a un fallecido, dos personas desaparecidas  y m\u00e1s de 40 viviendas afectadas.<br \/>\n<!--more--><br \/>\nEl Mandatario anunci\u00f3 que decret\u00f3 Estado de Cat\u00e1strofe para las comunas afectadas por las intensas lluvias que se han registrado en las comunas de Copiap\u00f3,  Freirina, Alto del Carmen, Tierra Amarilla,  Diego de Almagro, seg\u00fan inform\u00f3 24Horas.<\/p>\n<p>Pi\u00f1era hizo hincapi\u00e9 en que estas comunas \u201cest\u00e1n sufriendo los embates de la naturaleza. Desde el 14 de enero tenemos una situaci\u00f3n muy compleja, porque los r\u00edos Copiap\u00f3, Huasco, Salado han tenido un crecimiento muy significativo de caudal y eso se ha traducido en aluviones, inundaciones. De hecho, lamentamos la p\u00e9rdida de una vida humana y todav\u00eda tenemos algunas personas desaparecidas\u201d.<\/p>\n<p>\u201cHemos venido junto al ministro del Interior para disponer en terreno todas las medidas para ayudar a las v\u00edctimas, a los damnificados, pero tambi\u00e9n para prevenir, porque esposible que siga lloviendo. Es por eso que quiero anunciar que vamos a declarar Estado de Cat\u00e1strofe en estas comunas para disponer de todos los recursos para ayudar a los damnificados y proteger las vidas y propiedades de las personas de esta regi\u00f3n\u201d, indic\u00f3.<br \/>\nhttp:\/\/lanacion.cl\/2020\/01\/28\/atacama-pinera-decreta-estado-de-catastrofe-en-comunas-afectadas-por-intensas-lluvias\/<br \/>\nFUENTE. LA NACION.CL<\/p>\n","protected":false},"excerpt":{"rendered":"<p>El Presidente Pi\u00f1era, junto al ministro del Interior Gonzalo Blumel, lleg\u00f3 la tarde de este martes a la Regi\u00f3n de Atacama que se ha visto afectada en las \u00faltimas horas por fuertes lluvias y un aluvi\u00f3n La noche de este lunes se vivi\u00f3 en la zona una de las jornadas m\u00e1s cr\u00edticas, debido a deslizamientos [&hellip;]<\/p>\n","protected":false},"author":51,"featured_media":0,"comment_status":"open","ping_status":"open","sticky":false,"template":"","format":"standard","meta":{"footnotes":""},"categories":[16,31,11],"tags":[477,478,431],"class_list":["post-25510","post","type-post","status-publish","format-standard","hentry","category-nacional","category-salud","category-tendencias","tag-atacama","tag-estado-de-catastrofe","tag-presidente-pinera"],"_links":{"self":[{"href":"http:\/\/www.lanuevaopcion.cl\/index.php?rest_route=\/wp\/v2\/posts\/25510","targetHints":{"allow":["GET"]}}],"collection":[{"href":"http:\/\/www.lanuevaopcion.cl\/index.php?rest_route=\/wp\/v2\/posts"}],"about":[{"href":"http:\/\/www.lanuevaopcion.cl\/index.php?rest_route=\/wp\/v2\/types\/post"}],"author":[{"embeddable":true,"href":"http:\/\/www.lanuevaopcion.cl\/index.php?rest_route=\/wp\/v2\/users\/51"}],"replies":[{"embeddable":true,"href":"http:\/\/www.lanuevaopcion.cl\/index.php?rest_route=%2Fwp%2Fv2%2Fcomments&post=25510"}],"version-history":[{"count":1,"href":"http:\/\/www.lanuevaopcion.cl\/index.php?rest_route=\/wp\/v2\/posts\/25510\/revisions"}],"predecessor-version":[{"id":25511,"href":"http:\/\/www.lanuevaopcion.cl\/index.php?rest_route=\/wp\/v2\/posts\/25510\/revisions\/25511"}],"wp:attachment":[{"href":"http:\/\/www.lanuevaopcion.cl\/index.php?rest_route=%2Fwp%2Fv2%2Fmedia&parent=25510"}],"wp:term":[{"taxonomy":"category","embeddable":true,"href":"http:\/\/www.lanuevaopcion.cl\/index.php?rest_route=%2Fwp%2Fv2%2Fcategories&post=25510"},{"taxonomy":"post_tag","embeddable":true,"href":"http:\/\/www.lanuevaopcion.cl\/index.php?rest_route=%2Fwp%2Fv2%2Ftags&post=25510"}],"curies":[{"name":"wp","href":"https:\/\/api.w.org\/{rel}","templated":true}]}}