{"id":25471,"date":"2020-01-08T11:57:18","date_gmt":"2020-01-08T11:57:18","guid":{"rendered":"http:\/\/www.lanuevaopcion.cl\/?p=25471"},"modified":"2020-01-08T11:57:18","modified_gmt":"2020-01-08T11:57:18","slug":"ocho-de-los-9-senadores-de-rn-anunciaron-que-votaran-por-opcion-%e2%80%9crechazo%e2%80%9d-a-nueva-constitucion","status":"publish","type":"post","link":"http:\/\/www.lanuevaopcion.cl\/?p=25471","title":{"rendered":"OCHO DE LOS 9 SENADORES DE RN ANUNCIARON QUE VOTAR\u00c1N POR OPCI\u00d3N \u201cRECHAZO\u201d A NUEVA CONSTITUCI\u00d3N"},"content":{"rendered":"<p><img loading=\"lazy\" decoding=\"async\"  alt=\"\" src=\"http:\/\/lanacion.cl\/wp-content\/uploads\/2020\/01\/FOTO-RENOVACION-NACIONAL-324x160.jpg\" class=\"alignleft\" width=\"324\" height=\"160\" \/ class=\"alignleft\" style=\"margin-right:15px;margin-bottom:10px;float:left;\" ><br \/>\nOcho de los nueve senadores de Renovaci\u00f3n Nacional (RN) \u2013con excepci\u00f3n de Manuel Jos\u00e9 Ossand\u00f3n- anunciaron este martes que apoyar\u00e1n la opci\u00f3n \u201crechazo\u201d a la Nueva Constituci\u00f3n en el plebiscito que se realizar\u00e1 el pr\u00f3ximo 26 de abril.<\/p>\n<p>Andr\u00e9s Allamand, Carmen Gloria Aravena, Francisco Chahu\u00e1n, Juan Castro, Rodrigo Galilea, Jos\u00e9 Garc\u00eda, Rafael Prohens y Kenneth Pugh explicaron en una declaraci\u00f3n que su postura se basa en \u201cel clima de violencia, inseguridad y poco respeto por las personas e instituciones del pa\u00eds que se ha mantenido en muchos lugares\u201d.<br \/>\n<!--more--><br \/>\nManifestaron que \u201clos firmantes de esta declaraci\u00f3n, todos senadores de Renovaci\u00f3n Nacional, hemos llegado a la convicci\u00f3n de que la mejor manera de que Chile y los chilenos vuelvan a recuperar el respeto, la paz y la confianza en nuestro futuro, es rechazar la idea de una Constituci\u00f3n que parta de una hoja en blanco. Eso ser\u00eda un error: nos someter\u00eda por largo tiempo a una inestabilidad y confrontaci\u00f3n que no queremos para Chile\u201d.<\/p>\n<p>El senador Andr\u00e9s Allamand inform\u00f3 que decidieron suscribir esta declaraci\u00f3n, que fue preparada por los senadores Galilea y Aravena, para expresar \u201cnuestra convicci\u00f3n en orden al total rechazo en el plebiscito de abril. Fundamentalmente lo hacemos, porque consideramos que el voto rechazo es el que permite y asegura que los cambios constitucionales que el pa\u00eds necesita se realicen dentro de la institucionalidad democr\u00e1tica a trav\u00e9s de procedimientos institucionales conocidos y seguros\u201d.<\/p>\n<p>Francisco Chahu\u00e1n a\u00f1adi\u00f3 que la propuesta es \u201cun No propositivo que logre liderar las reformas sociales que Chile necesite y que termine con la inmoral distribuci\u00f3n del ingreso\u201d.<\/p>\n<p>Carmen Gloria Aravena reconoci\u00f3 que a\u00fan no se ha \u201cconfigurado\u201d una mayor\u00eda oficialista que rechace la nueva Constituci\u00f3n.<br \/>\nhttp:\/\/lanacion.cl\/2020\/01\/07\/ocho-de-los-9-senadores-de-rn-anunciaron-que-votaran-por-opcion-rechazo-a-nueva-constitucion\/<br \/>\nFUENTE. LA NACION.CL<\/p>\n","protected":false},"excerpt":{"rendered":"<p>Ocho de los nueve senadores de Renovaci\u00f3n Nacional (RN) \u2013con excepci\u00f3n de Manuel Jos\u00e9 Ossand\u00f3n- anunciaron este martes que apoyar\u00e1n la opci\u00f3n \u201crechazo\u201d a la Nueva Constituci\u00f3n en el plebiscito que se realizar\u00e1 el pr\u00f3ximo 26 de abril. Andr\u00e9s Allamand, Carmen Gloria Aravena, Francisco Chahu\u00e1n, Juan Castro, Rodrigo Galilea, Jos\u00e9 Garc\u00eda, Rafael Prohens y Kenneth [&hellip;]<\/p>\n","protected":false},"author":51,"featured_media":0,"comment_status":"open","ping_status":"open","sticky":false,"template":"","format":"standard","meta":{"footnotes":""},"categories":[4,5,16,1,11],"tags":[468,378],"class_list":["post-25471","post","type-post","status-publish","format-standard","hentry","category-economia","category-internacional","category-nacional","category-uncategorized","category-tendencias","tag-rechazo-a-nueva-constitucion","tag-senadores"],"_links":{"self":[{"href":"http:\/\/www.lanuevaopcion.cl\/index.php?rest_route=\/wp\/v2\/posts\/25471","targetHints":{"allow":["GET"]}}],"collection":[{"href":"http:\/\/www.lanuevaopcion.cl\/index.php?rest_route=\/wp\/v2\/posts"}],"about":[{"href":"http:\/\/www.lanuevaopcion.cl\/index.php?rest_route=\/wp\/v2\/types\/post"}],"author":[{"embeddable":true,"href":"http:\/\/www.lanuevaopcion.cl\/index.php?rest_route=\/wp\/v2\/users\/51"}],"replies":[{"embeddable":true,"href":"http:\/\/www.lanuevaopcion.cl\/index.php?rest_route=%2Fwp%2Fv2%2Fcomments&post=25471"}],"version-history":[{"count":1,"href":"http:\/\/www.lanuevaopcion.cl\/index.php?rest_route=\/wp\/v2\/posts\/25471\/revisions"}],"predecessor-version":[{"id":25472,"href":"http:\/\/www.lanuevaopcion.cl\/index.php?rest_route=\/wp\/v2\/posts\/25471\/revisions\/25472"}],"wp:attachment":[{"href":"http:\/\/www.lanuevaopcion.cl\/index.php?rest_route=%2Fwp%2Fv2%2Fmedia&parent=25471"}],"wp:term":[{"taxonomy":"category","embeddable":true,"href":"http:\/\/www.lanuevaopcion.cl\/index.php?rest_route=%2Fwp%2Fv2%2Fcategories&post=25471"},{"taxonomy":"post_tag","embeddable":true,"href":"http:\/\/www.lanuevaopcion.cl\/index.php?rest_route=%2Fwp%2Fv2%2Ftags&post=25471"}],"curies":[{"name":"wp","href":"https:\/\/api.w.org\/{rel}","templated":true}]}}