{"id":25428,"date":"2019-12-13T09:29:31","date_gmt":"2019-12-13T09:29:31","guid":{"rendered":"http:\/\/www.lanuevaopcion.cl\/?p=25428"},"modified":"2019-12-13T09:29:31","modified_gmt":"2019-12-13T09:29:31","slug":"blumel-y-rechazo-a-la-acusacion-constitucional-contra-pinera-%e2%80%9cse-ha-hecho-justicia%e2%80%9d","status":"publish","type":"post","link":"http:\/\/www.lanuevaopcion.cl\/?p=25428","title":{"rendered":"BLUMEL Y RECHAZO A LA ACUSACI\u00d3N CONSTITUCIONAL CONTRA PI\u00d1ERA: \u201cSE HA HECHO JUSTICIA\u201d"},"content":{"rendered":"<p><img loading=\"lazy\" decoding=\"async\"  alt=\"\" src=\"http:\/\/lanacion.cl\/wp-content\/uploads\/2019\/12\/FOTO-BLUMEL--324x160.jpg\" class=\"alignleft\" width=\"324\" height=\"160\" \/ class=\"alignleft\" style=\"margin-right:15px;margin-bottom:10px;float:left;\" ><br \/>\nEl ministro del Interior, Gonzalo Blumel, manifest\u00f3 que el rechazo a la acusaci\u00f3n constitucional que pesaba cobre el Presidente Pi\u00f1era podr\u00eda marcar un antes y un despu\u00e9s en las relaciones pol\u00edticas, agregando que \u201cse ha hecho justicia\u201d<\/p>\n<p>Luego que la C\u00e1mara de Diputados aprobara con 79 votos a favor y 73 en contra la cuesti\u00f3n previa, lo que gener\u00f3 que la acusaci\u00f3n fuera rechazada de forma autom\u00e1tica, el secretario de Estado reaccion\u00f3 de manera efusiva junto a la vocera de Gobierno, Karla Rubilar y el titular de la Segpres, Felipe Ward.<br \/>\n<!--more--><br \/>\nBlumel fue pieza clave para convencer a parte de los diputados de oposici\u00f3n para que aprueben la cuesti\u00f3n previa.<\/p>\n<p>\u201cDespu\u00e9s de un d\u00eda triste en el Senado (ayer), hoy se ha hecho justicia y se rechaz\u00f3 acusaci\u00f3n constitucional contra el Presidente. Como Gobierno esperamos que esto marque una etapa distinta y podamos empezar a crear climas de entendimiento para avanzar en construcci\u00f3n de una Hoja de Ruta Social compartida\u201d, escribi\u00f3 en su cuenta de Twitter el titular del Interior.<\/p>\n<p>Por su parte, la ministra Rubilar manifest\u00f3 que este tema pol\u00edtico \u201cno era solo una acusaci\u00f3n contra un Presidente, sino estaba en juego c\u00f3mo cuidar nuestra democracia\u201d.<br \/>\nhttp:\/\/lanacion.cl\/2019\/12\/12\/blumel-y-rechazo-a-la-acusacion-constitucional-contra-pinera-se-ha-hecho-justicia\/<br \/>\nFUENTE. LA NACION.CL<\/p>\n","protected":false},"excerpt":{"rendered":"<p>El ministro del Interior, Gonzalo Blumel, manifest\u00f3 que el rechazo a la acusaci\u00f3n constitucional que pesaba cobre el Presidente Pi\u00f1era podr\u00eda marcar un antes y un despu\u00e9s en las relaciones pol\u00edticas, agregando que \u201cse ha hecho justicia\u201d Luego que la C\u00e1mara de Diputados aprobara con 79 votos a favor y 73 en contra la cuesti\u00f3n [&hellip;]<\/p>\n","protected":false},"author":51,"featured_media":0,"comment_status":"open","ping_status":"open","sticky":false,"template":"","format":"standard","meta":{"footnotes":""},"categories":[8,4,5,16,1,11],"tags":[457],"class_list":["post-25428","post","type-post","status-publish","format-standard","hentry","category-cultura","category-economia","category-internacional","category-nacional","category-uncategorized","category-tendencias","tag-acusacion-constitucional"],"_links":{"self":[{"href":"http:\/\/www.lanuevaopcion.cl\/index.php?rest_route=\/wp\/v2\/posts\/25428","targetHints":{"allow":["GET"]}}],"collection":[{"href":"http:\/\/www.lanuevaopcion.cl\/index.php?rest_route=\/wp\/v2\/posts"}],"about":[{"href":"http:\/\/www.lanuevaopcion.cl\/index.php?rest_route=\/wp\/v2\/types\/post"}],"author":[{"embeddable":true,"href":"http:\/\/www.lanuevaopcion.cl\/index.php?rest_route=\/wp\/v2\/users\/51"}],"replies":[{"embeddable":true,"href":"http:\/\/www.lanuevaopcion.cl\/index.php?rest_route=%2Fwp%2Fv2%2Fcomments&post=25428"}],"version-history":[{"count":1,"href":"http:\/\/www.lanuevaopcion.cl\/index.php?rest_route=\/wp\/v2\/posts\/25428\/revisions"}],"predecessor-version":[{"id":25429,"href":"http:\/\/www.lanuevaopcion.cl\/index.php?rest_route=\/wp\/v2\/posts\/25428\/revisions\/25429"}],"wp:attachment":[{"href":"http:\/\/www.lanuevaopcion.cl\/index.php?rest_route=%2Fwp%2Fv2%2Fmedia&parent=25428"}],"wp:term":[{"taxonomy":"category","embeddable":true,"href":"http:\/\/www.lanuevaopcion.cl\/index.php?rest_route=%2Fwp%2Fv2%2Fcategories&post=25428"},{"taxonomy":"post_tag","embeddable":true,"href":"http:\/\/www.lanuevaopcion.cl\/index.php?rest_route=%2Fwp%2Fv2%2Ftags&post=25428"}],"curies":[{"name":"wp","href":"https:\/\/api.w.org\/{rel}","templated":true}]}}